{"id":5927,"date":"2025-10-14T18:53:29","date_gmt":"2025-10-14T17:53:29","guid":{"rendered":"https:\/\/foastek.fr\/?p=5927"},"modified":"2025-11-07T18:56:15","modified_gmt":"2025-11-07T17:56:15","slug":"ministere-du-travail-fiche-dediee-a-la-prevention-du-suicide-au-travail","status":"publish","type":"post","link":"https:\/\/foastek.fr\/?p=5927","title":{"rendered":"[Minist\u00e8re du Travail] Fiche d\u00e9di\u00e9e \u00e0 la pr\u00e9vention du suicide au travail"},"content":{"rendered":"\n<p>Le minist\u00e8re du Travail rappelle la n\u00e9cessaire pr\u00e9vention des risques psychosociaux (RPS), ceux-ci \u00e9tant susceptibles d\u2019affecter la sant\u00e9 mentale des travailleurs.<\/p>\n\n\n\n<p>Le minist\u00e8re du Travail d\u00e9crit notamment quels peuvent \u00eatre les leviers de pr\u00e9vention dans le cadre d\u2019une approche :<\/p>\n\n\n\n<ul class=\"wp-block-list\">\n<li>Collective (ex. : former l\u2019encadrement \u00e0 d\u00e9tecter les signaux faibles comme un changement de comportement, un isolement, une fatigue inhabituelle ou une irritabilit\u00e9 et adapter les m\u00e9thodes de management pour r\u00e9duire les sources de stress et favoriser le soutien social),<\/li>\n\n\n\n<li>Individuelle (ex. : proposer un soutien psychologique aux salari\u00e9s en difficult\u00e9 via une ligne d\u2019\u00e9coute, une cellule de crise ou accompagnement individuel).<\/li>\n<\/ul>\n\n\n\n<p>Le minist\u00e8re du Travail recommande aussi des actions \u00e0 mettre en place \u00e0 la suite du passage \u00e0 l\u2019acte suicidaire d\u2019un travailleur.<\/p>\n\n\n\n<p>Fiche : <a href=\"https:\/\/travail-emploi.gouv.fr\/la-prevention-du-suicide-au-travail\">https:\/\/travail-emploi.gouv.fr\/la-prevention-du-suicide-au-travail<\/a><\/p>\n","protected":false},"excerpt":{"rendered":"<div class=\"mh-excerpt\"><p>Le minist\u00e8re du Travail rappelle la n\u00e9cessaire pr\u00e9vention des risques psychosociaux (RPS), ceux-ci \u00e9tant susceptibles d\u2019affecter la sant\u00e9 mentale des travailleurs. Le minist\u00e8re du Travail <a class=\"mh-excerpt-more\" href=\"https:\/\/foastek.fr\/?p=5927\" title=\"[Minist\u00e8re du Travail] Fiche d\u00e9di\u00e9e \u00e0 la pr\u00e9vention du suicide au travail\">[&#8230;]<\/a><\/p>\n<\/div>","protected":false},"author":1,"featured_media":5871,"comment_status":"open","ping_status":"open","sticky":false,"template":"","format":"standard","meta":{"h5ap_radio_sources":[],"jetpack_post_was_ever_published":false,"_jetpack_newsletter_access":"","_jetpack_dont_email_post_to_subs":false,"_jetpack_newsletter_tier_id":0,"_jetpack_memberships_contains_paywalled_content":false,"_jetpack_memberships_contains_paid_content":false,"footnotes":"","jetpack_publicize_message":"","jetpack_publicize_feature_enabled":true,"jetpack_social_post_already_shared":true,"jetpack_social_options":{"image_generator_settings":{"template":"highway","default_image_id":0,"font":"","enabled":false},"version":2}},"categories":[2,160],"tags":[368,493,142],"class_list":["post-5927","post","type-post","status-publish","format-standard","has-post-thumbnail","hentry","category-accueil","category-sante","tag-duerp","tag-suicide","tag-travail"],"jetpack_publicize_connections":[],"jetpack_featured_media_url":"https:\/\/i0.wp.com\/foastek.fr\/wp-content\/uploads\/2025\/11\/bilan-de-sante.png?fit=600%2C424&ssl=1","jetpack_sharing_enabled":true,"jetpack_shortlink":"https:\/\/wp.me\/p77E1E-1xB","jetpack-related-posts":[],"_links":{"self":[{"href":"https:\/\/foastek.fr\/index.php?rest_route=\/wp\/v2\/posts\/5927","targetHints":{"allow":["GET"]}}],"collection":[{"href":"https:\/\/foastek.fr\/index.php?rest_route=\/wp\/v2\/posts"}],"about":[{"href":"https:\/\/foastek.fr\/index.php?rest_route=\/wp\/v2\/types\/post"}],"author":[{"embeddable":true,"href":"https:\/\/foastek.fr\/index.php?rest_route=\/wp\/v2\/users\/1"}],"replies":[{"embeddable":true,"href":"https:\/\/foastek.fr\/index.php?rest_route=%2Fwp%2Fv2%2Fcomments&post=5927"}],"version-history":[{"count":1,"href":"https:\/\/foastek.fr\/index.php?rest_route=\/wp\/v2\/posts\/5927\/revisions"}],"predecessor-version":[{"id":5928,"href":"https:\/\/foastek.fr\/index.php?rest_route=\/wp\/v2\/posts\/5927\/revisions\/5928"}],"wp:featuredmedia":[{"embeddable":true,"href":"https:\/\/foastek.fr\/index.php?rest_route=\/wp\/v2\/media\/5871"}],"wp:attachment":[{"href":"https:\/\/foastek.fr\/index.php?rest_route=%2Fwp%2Fv2%2Fmedia&parent=5927"}],"wp:term":[{"taxonomy":"category","embeddable":true,"href":"https:\/\/foastek.fr\/index.php?rest_route=%2Fwp%2Fv2%2Fcategories&post=5927"},{"taxonomy":"post_tag","embeddable":true,"href":"https:\/\/foastek.fr\/index.php?rest_route=%2Fwp%2Fv2%2Ftags&post=5927"}],"curies":[{"name":"wp","href":"https:\/\/api.w.org\/{rel}","templated":true}]}}