{"id":5949,"date":"2025-11-06T15:21:45","date_gmt":"2025-11-06T14:21:45","guid":{"rendered":"https:\/\/foastek.fr\/?p=5949"},"modified":"2025-11-25T15:31:34","modified_gmt":"2025-11-25T14:31:34","slug":"astek-le-fiasco-de-la-negociation-sur-la-qualite-de-vie-au-travail-qvt","status":"publish","type":"post","link":"https:\/\/foastek.fr\/?p=5949","title":{"rendered":"[Astek] Le fiasco de la n\u00e9gociation sur la Qualit\u00e9 de Vie au Travail (QVT)"},"content":{"rendered":"\n<p>Le 6 novembre, la personne charg\u00e9e des relations sociales (sous le responsabilit\u00e9 du Directeur des Ressources Humaines) a pr\u00e9sent\u00e9 le projet d&rsquo;accord QVT du DRH aux syndicats reprenant seulement un ou deux th\u00e8mes abord\u00e9s par les syndicats.<\/p>\n\n\n\n<p><strong><em><mark style=\"background-color:rgba(0, 0, 0, 0)\" class=\"has-inline-color has-vivid-red-color\">FO<\/mark><\/em><\/strong> constate dans le projet l&rsquo;absence de prise en compte des revendications des syndicats.<\/p>\n\n\n\n<p>Pour <strong><em><mark style=\"background-color:rgba(0, 0, 0, 0)\" class=\"has-inline-color has-vivid-red-color\">FO<\/mark><\/em><\/strong>, le projet de la direction ne propose que de tr\u00e8s maigres avanc\u00e9es pour les salari\u00e9s qui n&rsquo;am\u00e9lioreront pas la qualit\u00e9 de vie au travail contrairement \u00e0 ce que pr\u00e9tend la direction. Pire, si le projet \u00e9tait sign\u00e9 par les syndicats cela officialiserait que l&#8217;employeur a le droit d&rsquo;envoyer loin une m\u00e8re \u00e0 son retour de cong\u00e9 maternit\u00e9.<\/p>\n\n\n\n<p>Pour <strong><em><mark style=\"background-color:rgba(0, 0, 0, 0)\" class=\"has-inline-color has-vivid-red-color\">FO<\/mark><\/em><\/strong>, la direction n&rsquo;a pas r\u00e9ellement envie d&rsquo;am\u00e9liorer la qualit\u00e9 de vie au travail de ses salari\u00e9s.<\/p>\n\n\n\n<p><strong><em><mark style=\"background-color:rgba(0, 0, 0, 0)\" class=\"has-inline-color has-vivid-red-color\">FO<\/mark><\/em><\/strong> ne signera pas un accord creux et dangereux pour les salari\u00e9s.<\/p>\n","protected":false},"excerpt":{"rendered":"<div class=\"mh-excerpt\"><p>Le 6 novembre, la personne charg\u00e9e des relations sociales (sous le responsabilit\u00e9 du Directeur des Ressources Humaines) a pr\u00e9sent\u00e9 le projet d&rsquo;accord QVT du DRH <a class=\"mh-excerpt-more\" href=\"https:\/\/foastek.fr\/?p=5949\" title=\"[Astek] Le fiasco de la n\u00e9gociation sur la Qualit\u00e9 de Vie au Travail (QVT)\">[&#8230;]<\/a><\/p>\n<\/div>","protected":false},"author":1,"featured_media":4423,"comment_status":"open","ping_status":"open","sticky":false,"template":"","format":"standard","meta":{"h5ap_radio_sources":[],"jetpack_post_was_ever_published":false,"_jetpack_newsletter_access":"","_jetpack_dont_email_post_to_subs":false,"_jetpack_newsletter_tier_id":0,"_jetpack_memberships_contains_paywalled_content":false,"_jetpack_memberships_contains_paid_content":false,"footnotes":"","jetpack_publicize_message":"","jetpack_publicize_feature_enabled":true,"jetpack_social_post_already_shared":true,"jetpack_social_options":{"image_generator_settings":{"template":"highway","default_image_id":0,"font":"","enabled":false},"version":2}},"categories":[2,240,256,7,10],"tags":[20,50,72,209],"class_list":["post-5949","post","type-post","status-publish","format-standard","has-post-thumbnail","hentry","category-accueil","category-actualite","category-astek","category-negociations","category-vos-droits","tag-astek","tag-fo","tag-negociations","tag-qvt"],"jetpack_publicize_connections":[],"jetpack_featured_media_url":"https:\/\/i0.wp.com\/foastek.fr\/wp-content\/uploads\/2023\/04\/Negociation-EgaliteProf-QVT.png?fit=800%2C600&ssl=1","jetpack_sharing_enabled":true,"jetpack_shortlink":"https:\/\/wp.me\/p77E1E-1xX","jetpack-related-posts":[],"_links":{"self":[{"href":"https:\/\/foastek.fr\/index.php?rest_route=\/wp\/v2\/posts\/5949","targetHints":{"allow":["GET"]}}],"collection":[{"href":"https:\/\/foastek.fr\/index.php?rest_route=\/wp\/v2\/posts"}],"about":[{"href":"https:\/\/foastek.fr\/index.php?rest_route=\/wp\/v2\/types\/post"}],"author":[{"embeddable":true,"href":"https:\/\/foastek.fr\/index.php?rest_route=\/wp\/v2\/users\/1"}],"replies":[{"embeddable":true,"href":"https:\/\/foastek.fr\/index.php?rest_route=%2Fwp%2Fv2%2Fcomments&post=5949"}],"version-history":[{"count":1,"href":"https:\/\/foastek.fr\/index.php?rest_route=\/wp\/v2\/posts\/5949\/revisions"}],"predecessor-version":[{"id":5950,"href":"https:\/\/foastek.fr\/index.php?rest_route=\/wp\/v2\/posts\/5949\/revisions\/5950"}],"wp:featuredmedia":[{"embeddable":true,"href":"https:\/\/foastek.fr\/index.php?rest_route=\/wp\/v2\/media\/4423"}],"wp:attachment":[{"href":"https:\/\/foastek.fr\/index.php?rest_route=%2Fwp%2Fv2%2Fmedia&parent=5949"}],"wp:term":[{"taxonomy":"category","embeddable":true,"href":"https:\/\/foastek.fr\/index.php?rest_route=%2Fwp%2Fv2%2Fcategories&post=5949"},{"taxonomy":"post_tag","embeddable":true,"href":"https:\/\/foastek.fr\/index.php?rest_route=%2Fwp%2Fv2%2Ftags&post=5949"}],"curies":[{"name":"wp","href":"https:\/\/api.w.org\/{rel}","templated":true}]}}