{"id":5990,"date":"2025-12-06T08:35:00","date_gmt":"2025-12-06T07:35:00","guid":{"rendered":"https:\/\/foastek.fr\/?p=5990"},"modified":"2025-11-30T23:55:07","modified_gmt":"2025-11-30T22:55:07","slug":"lavenir-du-bureau-organisation-teletravail-et-nouvelles-attentes","status":"publish","type":"post","link":"https:\/\/foastek.fr\/?p=5990","title":{"rendered":"L&rsquo;avenir du bureau : Organisation, t\u00e9l\u00e9travail et nouvelles attentes"},"content":{"rendered":"\n<p><em>Le t\u00e9l\u00e9travail s\u2019est install\u00e9, mais le bureau reste essentiel&#8230; \u00e0 condition de le repenser. Une enqu\u00eate Ipsos bva pour Icade r\u00e9v\u00e8le les pr\u00e9f\u00e9rences et les frustrations de 800 salari\u00e9s, ainsi que les modifications structurelles auxquelles ils aspirent pour continuer \u00e0 travailler dans de bonnes conditions.<\/em><\/p>\n\n\n\n<p><strong>Un fort attachement au bureau et une valeur accord\u00e9e \u00e0 la vie collective<\/strong><\/p>\n\n\n\n<p>Trois quarts (75 %) des salari\u00e9s interrog\u00e9s d\u00e9clarent \u00eatre attach\u00e9s au fait de travailler en bureau,&nbsp;<a href=\"https:\/\/www.ipsos.com\/sites\/default\/files\/ct\/news\/documents\/2025-11\/ipsos-bva-icade-avenir-bureau-rapport-complet.pdf?_gl=1*p94xmm*_up*MQ..*_ga*ODIzMjM0MjU0LjE3NjM1NDQzNzc.*_ga_X263VWZR69*czE3NjM1NDQzNzckbzEkZzAkdDE3NjM1NDQzNzckajYwJGwwJGgxNjE3MjQ5Mzc3#page=5\">un niveau qui atteint 83 % chez les encadrants<\/a>&nbsp;et 64 % pour ceux en open space. Les \u00e9changes professionnels restent essentiels : 91 % jugent important de pouvoir discuter facilement du travail avec leurs coll\u00e8gues, tandis que 84 % accordent de l\u2019importance aux conversations informelles et aux moments de convivialit\u00e9.<\/p>\n\n\n\n<p>Au-del\u00e0 du collectif, la nature du poste de travail compte. Les salari\u00e9s privil\u00e9gient nettement le bureau individuel (47 %) ou partag\u00e9 avec quelques personnes (38 %), loin devant l\u2019open space, qui p\u00e2tit d&rsquo;une d\u00e9saffection massive : Seuls 15 % des salari\u00e9s interrog\u00e9s pr\u00e9f\u00e8rent l&rsquo;open space au bureau (individuel ou \u00e0 plusieurs) et&nbsp;<a href=\"https:\/\/www.ipsos.com\/sites\/default\/files\/ct\/news\/documents\/2025-11\/ipsos-bva-icade-avenir-bureau-rapport-complet.pdf?_gl=1*p94xmm*_up*MQ..*_ga*ODIzMjM0MjU0LjE3NjM1NDQzNzc.*_ga_X263VWZR69*czE3NjM1NDQzNzckbzEkZzAkdDE3NjM1NDQzNzckajYwJGwwJGgxNjE3MjQ5Mzc3#page=13\">4 % disent pr\u00e9f\u00e9rer \u00ab\u00a0\u00eatre dans un open-space en \u00ab flex office \u00bb<\/a>&nbsp;o\u00f9 aucune place n&rsquo;est attitr\u00e9e et les salari\u00e9s peuvent s&rsquo;installer o\u00f9 ils veulent\u00a0\u00bb.<\/p>\n\n\n\n<p><strong>Confort, \u00e9quipements et crit\u00e8res immobiliers : des attentes clairement exprim\u00e9es<\/strong><\/p>\n\n\n\n<p>Le&nbsp;<a href=\"https:\/\/www.ipsos.com\/sites\/default\/files\/ct\/news\/documents\/2025-11\/ipsos-bva-icade-avenir-bureau-rapport-complet.pdf?_gl=1*p94xmm*_up*MQ..*_ga*ODIzMjM0MjU0LjE3NjM1NDQzNzc.*_ga_X263VWZR69*czE3NjM1NDQzNzckbzEkZzAkdDE3NjM1NDQzNzckajYwJGwwJGgxNjE3MjQ5Mzc3#page=8\">confort du poste de travail<\/a>&nbsp;est cit\u00e9 comme crit\u00e8re prioritaire par 58 % des r\u00e9pondants, suivi des \u00e9quipements comme le double \u00e9cran ou l\u2019imprimante (49 %), puis la localisation (47 %). Les salari\u00e9s identifient \u00e9galement comme essentiels un parking voiture (68 %) et des espaces silencieux (54 %).<\/p>\n\n\n\n<p>Concernant le b\u00e2timent, l\u2019accessibilit\u00e9 est d\u00e9terminante : 83 % estiment important que l\u2019immeuble soit bien desservi par les transports en commun, et 78 % souhaitent la pr\u00e9sence d\u2019une climatisation. La proximit\u00e9 imm\u00e9diate de lieux de restauration est consid\u00e9r\u00e9e comme essentielle par 47 %, devant les espaces verts (35 %) et les commerces (30 %).<\/p>\n\n\n\n<p><strong>Organisation des bureaux : effets sur la productivit\u00e9 et le bien-\u00eatre<\/strong><\/p>\n\n\n\n<p>Pr\u00e8s de huit salari\u00e9s sur dix consid\u00e8rent que l\u2019organisation de leur espace de travail a un impact positif sur leur productivit\u00e9 (78 %) et leur bien-\u00eatre (75 %). L\u2019attachement \u00e0 l\u2019entreprise est \u00e9galement influenc\u00e9, avec 68 % de r\u00e9ponses positives. Ce ressenti est particuli\u00e8rement marqu\u00e9 chez ceux disposant d\u2019un bureau individuel.<\/p>\n\n\n\n<p>La possibilit\u00e9 de personnaliser son espace est jug\u00e9e importante par 67 % des salari\u00e9s,&nbsp;<a href=\"https:\/\/www.ipsos.com\/sites\/default\/files\/ct\/news\/documents\/2025-11\/ipsos-bva-icade-avenir-bureau-rapport-complet.pdf?_gl=1*p94xmm*_up*MQ..*_ga*ODIzMjM0MjU0LjE3NjM1NDQzNzc.*_ga_X263VWZR69*czE3NjM1NDQzNzckbzEkZzAkdDE3NjM1NDQzNzckajYwJGwwJGgxNjE3MjQ5Mzc3#page=15\">un pourcentage qui grimpe \u00e0 75 % chez les encadrants<\/a>&nbsp;et \u00e0 78 % chez les 18-24 ans. Ce besoin d\u2019appropriation contribue \u00e0 d\u00e9finir un environnement de travail per\u00e7u comme plus confortable et adapt\u00e9.<\/p>\n\n\n\n<p><strong>T\u00e9l\u00e9travail : b\u00e9n\u00e9fices reconnus mais recherche de flexibilit\u00e9<\/strong><\/p>\n\n\n\n<p>L&rsquo;opinion g\u00e9n\u00e9rale sur le t\u00e9l\u00e9travail demeure ultra positive :&nbsp;<a href=\"https:\/\/www.ipsos.com\/sites\/default\/files\/ct\/news\/documents\/2025-11\/ipsos-bva-icade-avenir-bureau-rapport-complet.pdf?_gl=1*p94xmm*_up*MQ..*_ga*ODIzMjM0MjU0LjE3NjM1NDQzNzc.*_ga_X263VWZR69*czE3NjM1NDQzNzckbzEkZzAkdDE3NjM1NDQzNzckajYwJGwwJGgxNjE3MjQ5Mzc3#page=18\">82 % estiment qu\u2019il favorise l\u2019\u00e9quilibre vie priv\u00e9e\/vie professionnelle&nbsp;<\/a>et 71 % qu\u2019il am\u00e9liore la concentration. Mais 76 % consid\u00e8rent qu\u2019ils doivent pouvoir se rendre au bureau chaque jour s\u2019ils le souhaitent, afin de disposer de conditions adapt\u00e9es ou simplement parce qu\u2019ils ne souhaitent pas t\u00e9l\u00e9travailler.&nbsp;<\/p>\n\n\n\n<p>Les r\u00e9pondants identifient \u00e9galement des limites : 51 % d\u00e9clarent que les interactions manquent lorsqu\u2019ils t\u00e9l\u00e9travaillent, et 50 % jugent que cette pratique complique les \u00e9changes entre coll\u00e8gues. Une partie des salari\u00e9s souhaite un encadrement du t\u00e9l\u00e9travail, 39 % estimant qu\u2019il devrait \u00eatre limit\u00e9 \u00e0 deux jours par semaine et 47 % consid\u00e9rant qu\u2019au-del\u00e0 de trois jours, la productivit\u00e9 et les interactions se d\u00e9gradent.<\/p>\n\n\n\n<p>L\u2019\u00e9tude ici&nbsp;:&nbsp;<a href=\"https:\/\/urlr.me\/MtjwAs\"><strong>urlr.me\/MtjwAs<\/strong><\/a><\/p>\n","protected":false},"excerpt":{"rendered":"<div class=\"mh-excerpt\"><p>Le t\u00e9l\u00e9travail s\u2019est install\u00e9, mais le bureau reste essentiel&#8230; \u00e0 condition de le repenser. Une enqu\u00eate Ipsos bva pour Icade r\u00e9v\u00e8le les pr\u00e9f\u00e9rences et les <a class=\"mh-excerpt-more\" href=\"https:\/\/foastek.fr\/?p=5990\" title=\"L&rsquo;avenir du bureau : Organisation, t\u00e9l\u00e9travail et nouvelles attentes\">[&#8230;]<\/a><\/p>\n<\/div>","protected":false},"author":1,"featured_media":5991,"comment_status":"open","ping_status":"open","sticky":false,"template":"","format":"standard","meta":{"h5ap_radio_sources":[],"jetpack_post_was_ever_published":false,"_jetpack_newsletter_access":"","_jetpack_dont_email_post_to_subs":false,"_jetpack_newsletter_tier_id":0,"_jetpack_memberships_contains_paywalled_content":false,"_jetpack_memberships_contains_paid_content":false,"footnotes":"","jetpack_publicize_message":"","jetpack_publicize_feature_enabled":true,"jetpack_social_post_already_shared":true,"jetpack_social_options":{"image_generator_settings":{"template":"highway","default_image_id":0,"font":"","enabled":false},"version":2}},"categories":[2,240,10],"tags":[500,29,501,37],"class_list":["post-5990","post","type-post","status-publish","format-standard","has-post-thumbnail","hentry","category-accueil","category-actualite","category-vos-droits","tag-bureau","tag-fo-cadres","tag-organisation","tag-teletravail"],"jetpack_publicize_connections":[],"jetpack_featured_media_url":"https:\/\/i0.wp.com\/foastek.fr\/wp-content\/uploads\/2025\/11\/L_avenir_du_bureau_909c7223e3.jpg?fit=1119%2C1119&ssl=1","jetpack_sharing_enabled":true,"jetpack_shortlink":"https:\/\/wp.me\/p77E1E-1yC","jetpack-related-posts":[],"_links":{"self":[{"href":"https:\/\/foastek.fr\/index.php?rest_route=\/wp\/v2\/posts\/5990","targetHints":{"allow":["GET"]}}],"collection":[{"href":"https:\/\/foastek.fr\/index.php?rest_route=\/wp\/v2\/posts"}],"about":[{"href":"https:\/\/foastek.fr\/index.php?rest_route=\/wp\/v2\/types\/post"}],"author":[{"embeddable":true,"href":"https:\/\/foastek.fr\/index.php?rest_route=\/wp\/v2\/users\/1"}],"replies":[{"embeddable":true,"href":"https:\/\/foastek.fr\/index.php?rest_route=%2Fwp%2Fv2%2Fcomments&post=5990"}],"version-history":[{"count":1,"href":"https:\/\/foastek.fr\/index.php?rest_route=\/wp\/v2\/posts\/5990\/revisions"}],"predecessor-version":[{"id":5992,"href":"https:\/\/foastek.fr\/index.php?rest_route=\/wp\/v2\/posts\/5990\/revisions\/5992"}],"wp:featuredmedia":[{"embeddable":true,"href":"https:\/\/foastek.fr\/index.php?rest_route=\/wp\/v2\/media\/5991"}],"wp:attachment":[{"href":"https:\/\/foastek.fr\/index.php?rest_route=%2Fwp%2Fv2%2Fmedia&parent=5990"}],"wp:term":[{"taxonomy":"category","embeddable":true,"href":"https:\/\/foastek.fr\/index.php?rest_route=%2Fwp%2Fv2%2Fcategories&post=5990"},{"taxonomy":"post_tag","embeddable":true,"href":"https:\/\/foastek.fr\/index.php?rest_route=%2Fwp%2Fv2%2Ftags&post=5990"}],"curies":[{"name":"wp","href":"https:\/\/api.w.org\/{rel}","templated":true}]}}