{"id":5993,"date":"2025-12-02T07:40:00","date_gmt":"2025-12-02T06:40:00","guid":{"rendered":"https:\/\/foastek.fr\/?p=5993"},"modified":"2025-11-30T23:50:16","modified_gmt":"2025-11-30T22:50:16","slug":"une-demission-suite-a-une-surcharge-de-travail-connue-de-lemployeur-peut-etre-requalifiee-en-prise-dacte","status":"publish","type":"post","link":"https:\/\/foastek.fr\/?p=5993","title":{"rendered":"Une d\u00e9mission suite \u00e0 une surcharge de travail connue de l&#8217;employeur peut \u00eatre requalifi\u00e9e en prise d\u2019acte"},"content":{"rendered":"\n<p><em>La d\u00e9mission d&rsquo;un salari\u00e9 doit \u00eatre claire et non \u00e9quivoque. Celle en r\u00e9alit\u00e9 fond\u00e9e sur une surcharge de travail devenue insupportable pour le salari\u00e9 et signal\u00e9e \u00e0 plusieurs reprises \u00e0 son employeur, peut alors \u00eatre requalifi\u00e9e en prise d&rsquo;acte produisant les effets d\u2019un licenciement sans cause r\u00e9elle et s\u00e9rieuse.<\/em><\/p>\n\n\n\n<p><strong><u>La volont\u00e9 de d\u00e9missionner du salari\u00e9 doit \u00eatre claire et non \u00e9quivoque<\/u><\/strong><\/p>\n\n\n\n<p>La d\u00e9mission est un acte unilat\u00e9ral par lequel le salari\u00e9 manifeste de fa\u00e7on claire et non \u00e9quivoque sa volont\u00e9 de mettre fin au contrat de travail.<\/p>\n\n\n\n<p>En cas de contentieux relatif \u00e0 une d\u00e9mission, le juge doit v\u00e9rifier si, au moment o\u00f9 elle a \u00e9t\u00e9 donn\u00e9e, elle r\u00e9sultait bien d\u2019une volont\u00e9 du salari\u00e9 de mettre fin au contrat de travail (cass. soc. 9 mai 2007, n\u00b0\u00a005-40315, BC V n\u00b0 70 ; cass. soc. 28 novembre 2012, n\u00b0\u00a011-20954\u00a0D).<\/p>\n\n\n\n<p>Le juge doit se prononcer en examinant les circonstances ant\u00e9rieures ou contemporaines de la d\u00e9mission.<\/p>\n\n\n\n<p>Lorsque les faits invoqu\u00e9s par le salari\u00e9 justifient effectivement la rupture du contrat en raison de manquements imputables \u00e0 son employeur, celle-ci s\u2019analyse alors en une prise d\u2019acte de la rupture aux torts de l\u2019employeur produisant les effets d\u2019un licenciement sans cause r\u00e9elle et s\u00e9rieuse.<\/p>\n\n\n\n<p><strong><u>Pour la Cour de cassation une surcharge de travail signal\u00e9e \u00e0 l\u2019employeur peut rendre la d\u00e9mission \u00e9quivoque<\/u><\/strong><\/p>\n\n\n\n<p>La Cour de cassation constate que le salari\u00e9 a, pr\u00e9alablement \u00e0 sa d\u00e9mission :<\/p>\n\n\n\n<p>-fait \u00e9tat de l&rsquo;importance de sa charge de travail lors des examens m\u00e9dicaux r\u00e9alis\u00e9s pour le contr\u00f4le de la sant\u00e9 au travail,<\/p>\n\n\n\n<p>-alert\u00e9 sa hi\u00e9rarchie par un courriel sur sa situation critique du fait de cette charge de travail devenue insupportable,<\/p>\n\n\n\n<p>-sollicit\u00e9 une visite du m\u00e9decin du travail en signalant un contexte de surcharge de travail,<\/p>\n\n\n\n<p>-expos\u00e9, lors de l&rsquo;entretien individuel d&rsquo;\u00e9valuation annuelle et dans ses commentaires annex\u00e9s que l&rsquo;\u00e9quilibre entre la vie professionnelle et la vie personnelle n&rsquo;existait pas, que son p\u00e9rim\u00e8tre d&rsquo;intervention, trop vaste entra\u00eenait une charge mentale tr\u00e8s \u00e9lev\u00e9e et permanente, mal v\u00e9cue personnellement.<\/p>\n\n\n\n<p>La Cour de cassation a cass\u00e9 la d\u00e9cision de la cour d&rsquo;appel et l&rsquo;affaire est renvoy\u00e9e devant une autre cour d\u2019appel.<\/p>\n\n\n\n<p><\/p>\n\n\n\n<p>D\u00e9cision : <a href=\"https:\/\/www.courdecassation.fr\/decision\/691595885cc9fa7cae5a6d0d\">Cass. soc. 13 novembre 2025, n\u00b0 23-23535 FD<\/a><\/p>\n","protected":false},"excerpt":{"rendered":"<div class=\"mh-excerpt\"><p>La d\u00e9mission d&rsquo;un salari\u00e9 doit \u00eatre claire et non \u00e9quivoque. Celle en r\u00e9alit\u00e9 fond\u00e9e sur une surcharge de travail devenue insupportable pour le salari\u00e9 et <a class=\"mh-excerpt-more\" href=\"https:\/\/foastek.fr\/?p=5993\" title=\"Une d\u00e9mission suite \u00e0 une surcharge de travail connue de l&#8217;employeur peut \u00eatre requalifi\u00e9e en prise d\u2019acte\">[&#8230;]<\/a><\/p>\n<\/div>","protected":false},"author":1,"featured_media":4350,"comment_status":"open","ping_status":"open","sticky":false,"template":"","format":"standard","meta":{"h5ap_radio_sources":[],"jetpack_post_was_ever_published":false,"_jetpack_newsletter_access":"","_jetpack_dont_email_post_to_subs":false,"_jetpack_newsletter_tier_id":0,"_jetpack_memberships_contains_paywalled_content":false,"_jetpack_memberships_contains_paid_content":false,"footnotes":"","jetpack_publicize_message":"","jetpack_publicize_feature_enabled":true,"jetpack_social_post_already_shared":true,"jetpack_social_options":{"image_generator_settings":{"template":"highway","default_image_id":0,"font":"","enabled":false},"version":2}},"categories":[2],"tags":[],"class_list":["post-5993","post","type-post","status-publish","format-standard","has-post-thumbnail","hentry","category-accueil"],"jetpack_publicize_connections":[],"jetpack_featured_media_url":"https:\/\/i0.wp.com\/foastek.fr\/wp-content\/uploads\/2023\/04\/palais_justice.jpg?fit=805%2C453&ssl=1","jetpack_sharing_enabled":true,"jetpack_shortlink":"https:\/\/wp.me\/p77E1E-1yF","jetpack-related-posts":[],"_links":{"self":[{"href":"https:\/\/foastek.fr\/index.php?rest_route=\/wp\/v2\/posts\/5993","targetHints":{"allow":["GET"]}}],"collection":[{"href":"https:\/\/foastek.fr\/index.php?rest_route=\/wp\/v2\/posts"}],"about":[{"href":"https:\/\/foastek.fr\/index.php?rest_route=\/wp\/v2\/types\/post"}],"author":[{"embeddable":true,"href":"https:\/\/foastek.fr\/index.php?rest_route=\/wp\/v2\/users\/1"}],"replies":[{"embeddable":true,"href":"https:\/\/foastek.fr\/index.php?rest_route=%2Fwp%2Fv2%2Fcomments&post=5993"}],"version-history":[{"count":1,"href":"https:\/\/foastek.fr\/index.php?rest_route=\/wp\/v2\/posts\/5993\/revisions"}],"predecessor-version":[{"id":5994,"href":"https:\/\/foastek.fr\/index.php?rest_route=\/wp\/v2\/posts\/5993\/revisions\/5994"}],"wp:featuredmedia":[{"embeddable":true,"href":"https:\/\/foastek.fr\/index.php?rest_route=\/wp\/v2\/media\/4350"}],"wp:attachment":[{"href":"https:\/\/foastek.fr\/index.php?rest_route=%2Fwp%2Fv2%2Fmedia&parent=5993"}],"wp:term":[{"taxonomy":"category","embeddable":true,"href":"https:\/\/foastek.fr\/index.php?rest_route=%2Fwp%2Fv2%2Fcategories&post=5993"},{"taxonomy":"post_tag","embeddable":true,"href":"https:\/\/foastek.fr\/index.php?rest_route=%2Fwp%2Fv2%2Ftags&post=5993"}],"curies":[{"name":"wp","href":"https:\/\/api.w.org\/{rel}","templated":true}]}}