{"id":6016,"date":"2025-12-10T16:09:45","date_gmt":"2025-12-10T15:09:45","guid":{"rendered":"https:\/\/foastek.fr\/?p=6016"},"modified":"2025-12-10T16:09:46","modified_gmt":"2025-12-10T15:09:46","slug":"betic-accords-parentalite-et-egalite-professionnelle","status":"publish","type":"post","link":"https:\/\/foastek.fr\/?p=6016","title":{"rendered":"[BETIC] Accords parentalit\u00e9 et \u00e9galit\u00e9 professionnelle"},"content":{"rendered":"\n<p>Deux accords collectifs ont \u00e9t\u00e9 mis \u00e0 la signature dans la branche BETIC le 16 juillet 2025. <\/p>\n\n\n\n<p>Le premier, consacr\u00e9 \u00e0 la parentalit\u00e9 et aux \u00e9v\u00e8nements familiaux, viendra compl\u00e9ter la convention collective.<br>Le second remplace l\u2019accord de branche du 27 octobre 2014 relatif \u00e0 l\u2019\u00e9galit\u00e9 professionnelle entre<br>les femmes et les hommes. <\/p>\n\n\n\n<p>Ces accords r\u00e9pondent \u00e0 des revendications FO et comportent des avanc\u00e9es importantes, de sorte que notre Organisation s\u2019est d\u00e9clar\u00e9e signataire. Certaines de nos revendications n\u2019ont toutefois pas \u00e9t\u00e9 retenues.<\/p>\n\n\n\n<p><strong>Un cadre renforc\u00e9 mais incomplet<\/strong><\/p>\n\n\n\n<p>Les signataires ont trouv\u00e9 un accord pour :<\/p>\n\n\n\n<ul class=\"wp-block-list\">\n<li>faire le bilan de l\u2019ancien accord de branche ;<\/li>\n\n\n\n<li>int\u00e9grer les \u00e9volutions l\u00e9gislatives depuis 2014 (lois Cop\u00e9-Zimmermann, Rixain, directives<br>europ\u00e9ennes) ;<\/li>\n\n\n\n<li>renforcer la lutte contre les in\u00e9galit\u00e9s persistantes.<\/li>\n<\/ul>\n\n\n\n<p>Le nouvel accord g\u00e9n\u00e9ral pr\u00e9voit des mesures sur :<\/p>\n\n\n\n<ul class=\"wp-block-list\">\n<li>l\u2019index \u00e9galit\u00e9 professionnelle ;<\/li>\n\n\n\n<li>la transparence des r\u00e9mun\u00e9rations \u00e0 anticiper d\u00e8s la transposition de la directive<br>europ\u00e9enne de 2023 ;<\/li>\n\n\n\n<li>la formation des managers et la mobilisation d\u2019outils RH pour garantir l\u2019\u00e9quit\u00e9 ;<\/li>\n\n\n\n<li>la mixit\u00e9 des recrutements et l\u2019acc\u00e8s des femmes aux fonctions de direction ;<\/li>\n\n\n\n<li>l\u2019\u00e9quilibre entre vie professionnelle et vie familiale, notamment via le t\u00e9l\u00e9travail, les cong\u00e9s<br>et l\u2019organisation des temps de travail.<\/li>\n<\/ul>\n\n\n\n<p>De son c\u00f4t\u00e9, l\u2019avenant 49 \u00e0 la convention collective actualise les droits li\u00e9s \u00e0 la parentalit\u00e9 :<\/p>\n\n\n\n<ul class=\"wp-block-list\">\n<li>les autorisations d\u2019absence pour examens m\u00e9dicaux (y compris en cas de PMA) ;<\/li>\n\n\n\n<li>le maintien de salaire am\u00e9lior\u00e9 pendant les cong\u00e9s maternit\u00e9 et paternit\u00e9 (\u00e0 partir de 1 an<br>d\u2019anciennet\u00e9) ;<\/li>\n\n\n\n<li>la reconnaissance du droit \u00e0 l\u2019allaitement pendant un an (1h\/jour r\u00e9mun\u00e9r\u00e9e) ;<\/li>\n\n\n\n<li>l\u2019\u00e9galit\u00e9 de traitement pour les salari\u00e9s en cong\u00e9 d\u2019adoption.<\/li>\n<\/ul>\n\n\n\n<p>Mais ces textes, pour utiles qu\u2019ils soient, ne l\u00e8vent pas les freins structurels aux in\u00e9galit\u00e9s : ils s\u2019en<br>tiennent \u00e0 un cadre l\u00e9gislatif existant, sans ouvrir de r\u00e9elles perspectives de transformation.<\/p>\n\n\n\n<p><strong>Des avanc\u00e9es concr\u00e8tes port\u00e9es par FO<\/strong><\/p>\n\n\n\n<p>FO a d\u00e9fendu des mesures concr\u00e8tes et \u00e9quilibr\u00e9es, parfois qualifi\u00e9es \u00e0 tort de \u00ab neutres \u00bb, mais qui<br>r\u00e9\u00e9quilibrent en r\u00e9alit\u00e9 les conditions de travail entre les femmes et les hommes.<\/p>\n\n\n\n<p>FO a obtenu notamment :<\/p>\n\n\n\n<ul class=\"wp-block-list\">\n<li>l\u2019int\u00e9gration obligatoire du th\u00e8me de la parentalit\u00e9 dans les n\u00e9gociations en entreprise sur l\u2019\u00e9galit\u00e9<br>professionnelle ;<\/li>\n\n\n\n<li>un compl\u00e9ment de r\u00e9mun\u00e9ration am\u00e9lior\u00e9 pendant le cong\u00e9 paternit\u00e9 (d\u00e9sormais accessible d\u00e8s 1 an d\u2019anciennet\u00e9) ;<\/li>\n\n\n\n<li>l\u2019obligation pour les employeurs de pr\u00e9voir une organisation de travail adapt\u00e9e aux salari\u00e9es<br>enceintes, aux familles monoparentales ou aux aidants ;<\/li>\n\n\n\n<li>la garantie du droit \u00e0 l\u2019allaitement sans perte de r\u00e9mun\u00e9ration, et la possibilit\u00e9 d\u2019un local d\u00e9di\u00e9.<\/li>\n<\/ul>\n\n\n\n<p>Ces mesures renforcent la conciliation entre vie personnelle et vie professionnelle, tout en r\u00e9duisant les<br>biais indirects qui p\u00e8sent sur les carri\u00e8res f\u00e9minines.<\/p>\n\n\n\n<p><strong>Des propositions refus\u00e9es, r\u00e9v\u00e9latrices des blocages persistants<\/strong><\/p>\n\n\n\n<p>FO regrette cependant que plusieurs revendications majeures aient \u00e9t\u00e9 rejet\u00e9es, malgr\u00e9 leur \u00e9quilibre et<br>leur int\u00e9r\u00eat g\u00e9n\u00e9ral. Ont notamment \u00e9t\u00e9 refus\u00e9es :<\/p>\n\n\n\n<ul class=\"wp-block-list\">\n<li>la cr\u00e9ation de trois jours d\u2019absence r\u00e9mun\u00e9r\u00e9s par an pour enfant malade de moins de 12 ans ;<\/li>\n\n\n\n<li>une autorisation d\u2019absence r\u00e9mun\u00e9r\u00e9e pour la rentr\u00e9e scolaire ;<\/li>\n\n\n\n<li>une revalorisation salariale \u00e9largie au retour de cong\u00e9 maternit\u00e9 ou adoption, m\u00eame lorsque les<br>augmentations ne sont pas vers\u00e9es pendant la dur\u00e9e du cong\u00e9 ;<\/li>\n\n\n\n<li>le maintien automatique de la compl\u00e9mentaire sant\u00e9 pendant le cong\u00e9 parental d\u2019\u00e9ducation.<\/li>\n<\/ul>\n\n\n\n<p>Ces refus t\u00e9moignent d\u2019une vision encore partielle de l\u2019\u00e9galit\u00e9 : les efforts demand\u00e9s aux salari\u00e9s ne<br>peuvent produire leurs effets sans engagements sym\u00e9triques des employeurs.<\/p>\n\n\n\n<p><strong>Un engagement qui se poursuivra<\/strong><\/p>\n\n\n\n<p>FO poursuivra le combat pour une \u00e9galit\u00e9 r\u00e9elle et concr\u00e8te dans les entreprises.<\/p>\n\n\n\n<p>Les textes sign\u00e9s marquent des progr\u00e8s techniques, mais l\u2019ambition syndicale de FO reste celle d\u2019une<br>transformation sociale profonde. L\u2019\u00e9galit\u00e9 ne peut se r\u00e9duire \u00e0 une conformit\u00e9 r\u00e9glementaire : elle<br>implique la reconnaissance pleine et enti\u00e8re des parcours de vie et des responsabilit\u00e9s assum\u00e9es, par<br>toutes et tous.<\/p>\n\n\n\n<p>Source : <a href=\"https:\/\/fo-services.fr\/actualites\/betic-accords-parentalite-et-egalite-professionnelle\">FO Services<\/a><\/p>\n","protected":false},"excerpt":{"rendered":"<div class=\"mh-excerpt\"><p>Deux accords collectifs ont \u00e9t\u00e9 mis \u00e0 la signature dans la branche BETIC le 16 juillet 2025. Le premier, consacr\u00e9 \u00e0 la parentalit\u00e9 et aux <a class=\"mh-excerpt-more\" href=\"https:\/\/foastek.fr\/?p=6016\" title=\"[BETIC] Accords parentalit\u00e9 et \u00e9galit\u00e9 professionnelle\">[&#8230;]<\/a><\/p>\n<\/div>","protected":false},"author":1,"featured_media":5040,"comment_status":"open","ping_status":"open","sticky":false,"template":"","format":"standard","meta":{"h5ap_radio_sources":[],"jetpack_post_was_ever_published":false,"_jetpack_newsletter_access":"","_jetpack_dont_email_post_to_subs":false,"_jetpack_newsletter_tier_id":0,"_jetpack_memberships_contains_paywalled_content":false,"_jetpack_memberships_contains_paid_content":false,"footnotes":"","jetpack_publicize_message":"","jetpack_publicize_feature_enabled":true,"jetpack_social_post_already_shared":true,"jetpack_social_options":{"image_generator_settings":{"template":"highway","default_image_id":0,"font":"","enabled":false},"version":2}},"categories":[2,240,10],"tags":[128,41,50,72,456],"class_list":["post-6016","post","type-post","status-publish","format-standard","has-post-thumbnail","hentry","category-accueil","category-actualite","category-vos-droits","tag-accord","tag-egalite-professionnelle","tag-fo","tag-negociations","tag-parentalite"],"jetpack_publicize_connections":[],"jetpack_featured_media_url":"https:\/\/i0.wp.com\/foastek.fr\/wp-content\/uploads\/2024\/03\/megaphone-loudspeaker-making-announcement-vector-4225410724.jpg?fit=2520%2C1960&ssl=1","jetpack_sharing_enabled":true,"jetpack_shortlink":"https:\/\/wp.me\/p77E1E-1z2","jetpack-related-posts":[],"_links":{"self":[{"href":"https:\/\/foastek.fr\/index.php?rest_route=\/wp\/v2\/posts\/6016","targetHints":{"allow":["GET"]}}],"collection":[{"href":"https:\/\/foastek.fr\/index.php?rest_route=\/wp\/v2\/posts"}],"about":[{"href":"https:\/\/foastek.fr\/index.php?rest_route=\/wp\/v2\/types\/post"}],"author":[{"embeddable":true,"href":"https:\/\/foastek.fr\/index.php?rest_route=\/wp\/v2\/users\/1"}],"replies":[{"embeddable":true,"href":"https:\/\/foastek.fr\/index.php?rest_route=%2Fwp%2Fv2%2Fcomments&post=6016"}],"version-history":[{"count":1,"href":"https:\/\/foastek.fr\/index.php?rest_route=\/wp\/v2\/posts\/6016\/revisions"}],"predecessor-version":[{"id":6017,"href":"https:\/\/foastek.fr\/index.php?rest_route=\/wp\/v2\/posts\/6016\/revisions\/6017"}],"wp:featuredmedia":[{"embeddable":true,"href":"https:\/\/foastek.fr\/index.php?rest_route=\/wp\/v2\/media\/5040"}],"wp:attachment":[{"href":"https:\/\/foastek.fr\/index.php?rest_route=%2Fwp%2Fv2%2Fmedia&parent=6016"}],"wp:term":[{"taxonomy":"category","embeddable":true,"href":"https:\/\/foastek.fr\/index.php?rest_route=%2Fwp%2Fv2%2Fcategories&post=6016"},{"taxonomy":"post_tag","embeddable":true,"href":"https:\/\/foastek.fr\/index.php?rest_route=%2Fwp%2Fv2%2Ftags&post=6016"}],"curies":[{"name":"wp","href":"https:\/\/api.w.org\/{rel}","templated":true}]}}