{"id":6068,"date":"2026-01-23T18:45:52","date_gmt":"2026-01-23T17:45:52","guid":{"rendered":"https:\/\/foastek.fr\/?p=6068"},"modified":"2026-01-30T18:48:13","modified_gmt":"2026-01-30T17:48:13","slug":"representation-collective-une-image-qui-sameliore-dans-le-secteur-prive","status":"publish","type":"post","link":"https:\/\/foastek.fr\/?p=6068","title":{"rendered":"Repr\u00e9sentation collective : Une image qui s\u2019am\u00e9liore dans le secteur priv\u00e9"},"content":{"rendered":"\n<p><em>Quel regard des salari\u00e9s du secteur priv\u00e9 sur leurs repr\u00e9sentants \u00e9volue ? Selon la DARES, ils sont en 2023 plus nombreux \u00e0 estimer que les repr\u00e9sentants du personnel relaient correctement leurs aspirations qu\u2019en 2017. Les syndicats jouent un r\u00f4le central dans leur repr\u00e9sentation, avec des appr\u00e9ciations qui varient selon la taille des entreprises, la pr\u00e9sence d\u2019instances \u00e9lues ou syndicales et les cat\u00e9gories professionnelles, notamment les cadres.<\/em><\/p>\n\n\n\n<p><strong>Un regard globalement plus favorable qu\u2019en 2017<\/strong><\/p>\n\n\n\n<p>En 2023, 51 % des salari\u00e9s estiment que les repr\u00e9sentants du personnel&nbsp;<a href=\"https:\/\/dares.travail-emploi.gouv.fr\/sites\/default\/files\/e426eca2156370247e0fea01a3209ddc\/Dares_DF_%20salari%C3%A9s_perception_RP_secteur%20priv%C3%A9.pdf#page=2\">traduisent bien leurs aspirations<\/a>, contre 46 % en 2017. La part de ceux qui consid\u00e8rent que les syndicats jouent un r\u00f4le irrempla\u00e7able dans la repr\u00e9sentation atteint 41 %, en hausse de 4 points par rapport \u00e0 la pr\u00e9c\u00e9dente enqu\u00eate.<\/p>\n\n\n\n<p>Parall\u00e8lement, les critiques les plus courantes \u00e0 l&rsquo;\u00e9gard des syndicats sont en baisse : 29 % jugent que les syndicats font passer leurs mots d\u2019ordre avant les int\u00e9r\u00eats des salari\u00e9s (32 % en 2017) et 15 % estiment qu\u2019ils g\u00eanent le fonctionnement de l\u2019entreprise (18 % en 2017). Les r\u00e9ponses \u00ab sans opinion \u00bb restent toutefois fr\u00e9quentes dans les \u00e9tablissements d\u00e9pourvus de repr\u00e9sentants.<\/p>\n\n\n\n<p><strong>L\u2019importance de la pr\u00e9sence d\u2019instances repr\u00e9sentatives<\/strong><\/p>\n\n\n\n<p>Dans les \u00e9tablissements dot\u00e9s de d\u00e9l\u00e9gu\u00e9s syndicaux, 59 % des salari\u00e9s consid\u00e8rent que&nbsp;<a href=\"https:\/\/dares.travail-emploi.gouv.fr\/sites\/default\/files\/e426eca2156370247e0fea01a3209ddc\/Dares_DF_%20salari%C3%A9s_perception_RP_secteur%20priv%C3%A9.pdf#page=2\">les repr\u00e9sentants traduisent correctement leurs aspirations<\/a>, contre 23 % dans ceux qui ne disposent d\u2019aucune instance repr\u00e9sentative. Des \u00e9carts similaires apparaissent sur l\u2019appr\u00e9ciation du r\u00f4le des syndicats et de leur utilit\u00e9 concr\u00e8te.<\/p>\n\n\n\n<p>La taille de l\u2019entreprise joue \u00e9galement : la probabilit\u00e9 de juger les syndicats irrempla\u00e7ables est pr\u00e8s de deux fois plus \u00e9lev\u00e9e dans les \u00e9tablissements de 500 salari\u00e9s ou plus que dans ceux de 50 \u00e0 199 salari\u00e9s. Parall\u00e8lement, la part de salari\u00e9s se d\u00e9clarant capables de d\u00e9fendre seuls leurs int\u00e9r\u00eats diminue lorsque la taille de l\u2019\u00e9tablissement augmente.<\/p>\n\n\n\n<p><strong>Des perceptions diff\u00e9renci\u00e9es selon les profils, dont les cadres<\/strong><\/p>\n\n\n\n<p>Les cadres portent une appr\u00e9ciation l\u00e9g\u00e8rement plus positive que la moyenne sur la capacit\u00e9 des repr\u00e9sentants du personnel \u00e0&nbsp;<a href=\"https:\/\/dares.travail-emploi.gouv.fr\/sites\/default\/files\/e426eca2156370247e0fea01a3209ddc\/Dares_DF_%20salari%C3%A9s_perception_RP_secteur%20priv%C3%A9.pdf#page=3\">relayer les aspirations<\/a>&nbsp;(56 %) et \u00e0 influencer les d\u00e9cisions de la direction (34 %). Ils sont aussi 45 % \u00e0 juger les syndicats irrempla\u00e7ables, contre 41 % pour l\u2019ensemble des salari\u00e9s.<\/p>\n\n\n\n<p>Ils se d\u00e9clarent toutefois plus souvent en mesure de d\u00e9fendre directement leurs int\u00e9r\u00eats (43 %) et se montrent un peu plus critiques sur le fonctionnement syndical, notamment sur la place accord\u00e9e aux mots d\u2019ordre par rapport aux attentes individuelles.<\/p>\n\n\n\n<p><strong>Le point de vue des directions et des repr\u00e9sentants<\/strong><\/p>\n\n\n\n<p>Du c\u00f4t\u00e9 des repr\u00e9sentants de la direction, 79 % des \u00e9tablissements consid\u00e8rent que&nbsp;<a href=\"https:\/\/dares.travail-emploi.gouv.fr\/sites\/default\/files\/e426eca2156370247e0fea01a3209ddc\/Dares_DF_%20salari%C3%A9s_perception_RP_secteur%20priv%C3%A9.pdf#page=4\">les repr\u00e9sentants du personnel traduisent bien les aspirations des salari\u00e9s<\/a>. Cette proportion atteint 96 % selon les repr\u00e9sentants du personnel eux-m\u00eames.<\/p>\n\n\n\n<p>L\u2019appr\u00e9ciation des syndicats est plus contrast\u00e9e : 42 % des directions les jugent irrempla\u00e7ables, contre 62 % des repr\u00e9sentants du personnel, tandis que 48 % des directions estiment qu\u2019ils privil\u00e9gient leurs propres mots d\u2019ordre, une opinion partag\u00e9e dans 30 % des \u00e9tablissements par les repr\u00e9sentants du personnel.<\/p>\n\n\n\n<p>L\u2019\u00e9tude ici&nbsp;:&nbsp;<a href=\"https:\/\/urls.fr\/P-z-XH\"><strong>https:\/\/urls.fr\/P-z-XH<\/strong><\/a><\/p>\n","protected":false},"excerpt":{"rendered":"<div class=\"mh-excerpt\"><p>Quel regard des salari\u00e9s du secteur priv\u00e9 sur leurs repr\u00e9sentants \u00e9volue ? Selon la DARES, ils sont en 2023 plus nombreux \u00e0 estimer que les <a class=\"mh-excerpt-more\" href=\"https:\/\/foastek.fr\/?p=6068\" title=\"Repr\u00e9sentation collective : Une image qui s\u2019am\u00e9liore dans le secteur priv\u00e9\">[&#8230;]<\/a><\/p>\n<\/div>","protected":false},"author":1,"featured_media":6069,"comment_status":"open","ping_status":"open","sticky":false,"template":"","format":"standard","meta":{"h5ap_radio_sources":[],"jetpack_post_was_ever_published":false,"_jetpack_newsletter_access":"","_jetpack_dont_email_post_to_subs":false,"_jetpack_newsletter_tier_id":0,"_jetpack_memberships_contains_paywalled_content":false,"_jetpack_memberships_contains_paid_content":false,"footnotes":"","jetpack_publicize_message":"","jetpack_publicize_feature_enabled":true,"jetpack_social_post_already_shared":true,"jetpack_social_options":{"image_generator_settings":{"template":"highway","default_image_id":0,"font":"","enabled":false},"version":2}},"categories":[2,240,308],"tags":[29],"class_list":["post-6068","post","type-post","status-publish","format-standard","has-post-thumbnail","hentry","category-accueil","category-actualite","category-etude-enquete","tag-fo-cadres"],"jetpack_publicize_connections":[],"jetpack_featured_media_url":"https:\/\/i0.wp.com\/foastek.fr\/wp-content\/uploads\/2026\/01\/FOCadres_RepresentationCollective.jpg?fit=1140%2C756&ssl=1","jetpack_sharing_enabled":true,"jetpack_shortlink":"https:\/\/wp.me\/p77E1E-1zS","jetpack-related-posts":[],"_links":{"self":[{"href":"https:\/\/foastek.fr\/index.php?rest_route=\/wp\/v2\/posts\/6068","targetHints":{"allow":["GET"]}}],"collection":[{"href":"https:\/\/foastek.fr\/index.php?rest_route=\/wp\/v2\/posts"}],"about":[{"href":"https:\/\/foastek.fr\/index.php?rest_route=\/wp\/v2\/types\/post"}],"author":[{"embeddable":true,"href":"https:\/\/foastek.fr\/index.php?rest_route=\/wp\/v2\/users\/1"}],"replies":[{"embeddable":true,"href":"https:\/\/foastek.fr\/index.php?rest_route=%2Fwp%2Fv2%2Fcomments&post=6068"}],"version-history":[{"count":1,"href":"https:\/\/foastek.fr\/index.php?rest_route=\/wp\/v2\/posts\/6068\/revisions"}],"predecessor-version":[{"id":6070,"href":"https:\/\/foastek.fr\/index.php?rest_route=\/wp\/v2\/posts\/6068\/revisions\/6070"}],"wp:featuredmedia":[{"embeddable":true,"href":"https:\/\/foastek.fr\/index.php?rest_route=\/wp\/v2\/media\/6069"}],"wp:attachment":[{"href":"https:\/\/foastek.fr\/index.php?rest_route=%2Fwp%2Fv2%2Fmedia&parent=6068"}],"wp:term":[{"taxonomy":"category","embeddable":true,"href":"https:\/\/foastek.fr\/index.php?rest_route=%2Fwp%2Fv2%2Fcategories&post=6068"},{"taxonomy":"post_tag","embeddable":true,"href":"https:\/\/foastek.fr\/index.php?rest_route=%2Fwp%2Fv2%2Ftags&post=6068"}],"curies":[{"name":"wp","href":"https:\/\/api.w.org\/{rel}","templated":true}]}}