{"id":6076,"date":"2026-01-29T18:59:54","date_gmt":"2026-01-29T17:59:54","guid":{"rendered":"https:\/\/foastek.fr\/?p=6076"},"modified":"2026-01-30T19:03:55","modified_gmt":"2026-01-30T18:03:55","slug":"quand-lemployeur-contacte-le-medecin-traitant-une-atteinte-caracterisee-a-la-vie-privee","status":"publish","type":"post","link":"https:\/\/foastek.fr\/?p=6076","title":{"rendered":"Quand l\u2019employeur contacte le m\u00e9decin traitant : une atteinte caract\u00e9ris\u00e9e \u00e0 la vie priv\u00e9e"},"content":{"rendered":"\n<p>Dans un arr\u00eat du 10 d\u00e9cembre 2025, la chambre sociale confirme qu\u2019un employeur qui obtient, directement ou indirectement, des informations m\u00e9dicales aupr\u00e8s du m\u00e9decin traitant porte atteinte \u00e0 la vie priv\u00e9e du salari\u00e9. Et lorsque ces \u00e9l\u00e9ments sont utilis\u00e9s dans une proc\u00e9dure de licenciement,<br>la sanction est imm\u00e9diate : la nullit\u00e9 du licenciement.<\/p>\n\n\n\n<figure class=\"wp-block-image size-full\"><a href=\"https:\/\/i0.wp.com\/foastek.fr\/wp-content\/uploads\/2026\/01\/image_2026-01-30_190130165.png?ssl=1\"><img data-recalc-dims=\"1\" loading=\"lazy\" decoding=\"async\" width=\"835\" height=\"791\" data-attachment-id=\"6077\" data-permalink=\"https:\/\/foastek.fr\/?attachment_id=6077\" data-orig-file=\"https:\/\/i0.wp.com\/foastek.fr\/wp-content\/uploads\/2026\/01\/image_2026-01-30_190130165.png?fit=835%2C791&amp;ssl=1\" data-orig-size=\"835,791\" data-comments-opened=\"1\" data-image-meta=\"{&quot;aperture&quot;:&quot;0&quot;,&quot;credit&quot;:&quot;&quot;,&quot;camera&quot;:&quot;&quot;,&quot;caption&quot;:&quot;&quot;,&quot;created_timestamp&quot;:&quot;0&quot;,&quot;copyright&quot;:&quot;&quot;,&quot;focal_length&quot;:&quot;0&quot;,&quot;iso&quot;:&quot;0&quot;,&quot;shutter_speed&quot;:&quot;0&quot;,&quot;title&quot;:&quot;&quot;,&quot;orientation&quot;:&quot;0&quot;}\" data-image-title=\"image_2026-01-30_190130165\" data-image-description=\"\" data-image-caption=\"\" data-large-file=\"https:\/\/i0.wp.com\/foastek.fr\/wp-content\/uploads\/2026\/01\/image_2026-01-30_190130165.png?fit=835%2C791&amp;ssl=1\" src=\"https:\/\/i0.wp.com\/foastek.fr\/wp-content\/uploads\/2026\/01\/image_2026-01-30_190130165.png?resize=835%2C791&#038;ssl=1\" alt=\"\" class=\"wp-image-6077\" srcset=\"https:\/\/i0.wp.com\/foastek.fr\/wp-content\/uploads\/2026\/01\/image_2026-01-30_190130165.png?w=835&amp;ssl=1 835w, https:\/\/i0.wp.com\/foastek.fr\/wp-content\/uploads\/2026\/01\/image_2026-01-30_190130165.png?resize=300%2C284&amp;ssl=1 300w, https:\/\/i0.wp.com\/foastek.fr\/wp-content\/uploads\/2026\/01\/image_2026-01-30_190130165.png?resize=768%2C728&amp;ssl=1 768w\" sizes=\"auto, (max-width: 835px) 100vw, 835px\" \/><\/a><\/figure>\n\n\n\n<p>Source : Journal FO Debout N\u00b0194 (Janvier 2026)<\/p>\n","protected":false},"excerpt":{"rendered":"<div class=\"mh-excerpt\"><p>Dans un arr\u00eat du 10 d\u00e9cembre 2025, la chambre sociale confirme qu\u2019un employeur qui obtient, directement ou indirectement, des informations m\u00e9dicales aupr\u00e8s du m\u00e9decin traitant <a class=\"mh-excerpt-more\" href=\"https:\/\/foastek.fr\/?p=6076\" title=\"Quand l\u2019employeur contacte le m\u00e9decin traitant : une atteinte caract\u00e9ris\u00e9e \u00e0 la vie priv\u00e9e\">[&#8230;]<\/a><\/p>\n<\/div>","protected":false},"author":1,"featured_media":4350,"comment_status":"open","ping_status":"open","sticky":false,"template":"","format":"standard","meta":{"h5ap_radio_sources":[],"jetpack_post_was_ever_published":false,"_jetpack_newsletter_access":"","_jetpack_dont_email_post_to_subs":false,"_jetpack_newsletter_tier_id":0,"_jetpack_memberships_contains_paywalled_content":false,"_jetpack_memberships_contains_paid_content":false,"footnotes":"","jetpack_publicize_message":"","jetpack_publicize_feature_enabled":true,"jetpack_social_post_already_shared":true,"jetpack_social_options":{"image_generator_settings":{"template":"highway","default_image_id":0,"font":"","enabled":false},"version":2}},"categories":[2,10],"tags":[170,149,511,67],"class_list":["post-6076","post","type-post","status-publish","format-standard","has-post-thumbnail","hentry","category-accueil","category-vos-droits","tag-cassation","tag-justice","tag-medecin-traitant","tag-vie-privee"],"jetpack_publicize_connections":[],"jetpack_featured_media_url":"https:\/\/i0.wp.com\/foastek.fr\/wp-content\/uploads\/2023\/04\/palais_justice.jpg?fit=805%2C453&ssl=1","jetpack_sharing_enabled":true,"jetpack_shortlink":"https:\/\/wp.me\/p77E1E-1A0","jetpack-related-posts":[],"_links":{"self":[{"href":"https:\/\/foastek.fr\/index.php?rest_route=\/wp\/v2\/posts\/6076","targetHints":{"allow":["GET"]}}],"collection":[{"href":"https:\/\/foastek.fr\/index.php?rest_route=\/wp\/v2\/posts"}],"about":[{"href":"https:\/\/foastek.fr\/index.php?rest_route=\/wp\/v2\/types\/post"}],"author":[{"embeddable":true,"href":"https:\/\/foastek.fr\/index.php?rest_route=\/wp\/v2\/users\/1"}],"replies":[{"embeddable":true,"href":"https:\/\/foastek.fr\/index.php?rest_route=%2Fwp%2Fv2%2Fcomments&post=6076"}],"version-history":[{"count":1,"href":"https:\/\/foastek.fr\/index.php?rest_route=\/wp\/v2\/posts\/6076\/revisions"}],"predecessor-version":[{"id":6078,"href":"https:\/\/foastek.fr\/index.php?rest_route=\/wp\/v2\/posts\/6076\/revisions\/6078"}],"wp:featuredmedia":[{"embeddable":true,"href":"https:\/\/foastek.fr\/index.php?rest_route=\/wp\/v2\/media\/4350"}],"wp:attachment":[{"href":"https:\/\/foastek.fr\/index.php?rest_route=%2Fwp%2Fv2%2Fmedia&parent=6076"}],"wp:term":[{"taxonomy":"category","embeddable":true,"href":"https:\/\/foastek.fr\/index.php?rest_route=%2Fwp%2Fv2%2Fcategories&post=6076"},{"taxonomy":"post_tag","embeddable":true,"href":"https:\/\/foastek.fr\/index.php?rest_route=%2Fwp%2Fv2%2Ftags&post=6076"}],"curies":[{"name":"wp","href":"https:\/\/api.w.org\/{rel}","templated":true}]}}