{"id":6081,"date":"2026-01-30T23:20:25","date_gmt":"2026-01-30T22:20:25","guid":{"rendered":"https:\/\/foastek.fr\/?p=6081"},"modified":"2026-01-31T23:26:15","modified_gmt":"2026-01-31T22:26:15","slug":"droit-dalerte-des-cse","status":"publish","type":"post","link":"https:\/\/foastek.fr\/?p=6081","title":{"rendered":"Droit d&rsquo;alerte des CSE"},"content":{"rendered":"\n<p><strong><em>La Cour de cassation apporte des pr\u00e9cisions s\u2019agissant du droit d\u2019alerte du CSE en cas d\u2019atteinte aux droits des personnes.<\/em><\/strong><\/p>\n\n\n\n<p>Par un arr\u00eat du 3 d\u00e9cembre 2025 n \u00b024-10.326, la Cour de cassation apporte des clarifications in\u00e9dites sur les conditions d\u2019exercice du droit d\u2019alerte pr\u00e9vu par l\u2019article L.2312-59 du code du travail <strong>e<\/strong><strong>n d\u00e9finissant son p\u00e9rim\u00e8tre, en \u00e9cartant tout formalisme excessif, en consacrant l\u2019ind\u00e9pendance de cette action collective par rapport aux recours individuels du salari\u00e9.<\/strong><\/p>\n\n\n\n<p>Ce bulletin apporte des pr\u00e9cisions :<\/p>\n\n\n\n<ol class=\"wp-block-list\">\n<li><strong>Le cadre juridique du droit d\u2019alerte en cas d\u2019atteinte aux droits des personnes<\/strong><\/li>\n\n\n\n<li><strong>Le p\u00e9rim\u00e8tre du droit d\u2019alerte : une atteinte directe aux droits des personnes<\/strong><\/li>\n\n\n\n<li><strong>L\u2019\u00e9crit d\u2019alerte ne fixe pas les limites du litige<\/strong><\/li>\n\n\n\n<li><strong>L\u2019ind\u00e9pendance du droit d\u2019alerte par rapport \u00e0 l\u2019action individuelle du salari\u00e9<\/strong><\/li>\n\n\n\n<li><strong>La recevabilit\u00e9 de l\u2019intervention syndicale aux c\u00f4t\u00e9s du CSE<\/strong><\/li>\n\n\n\n<li><strong>Analyse de l\u2019arr\u00eat<\/strong><\/li>\n<\/ol>\n\n\n\n<div data-wp-interactive=\"core\/file\" class=\"wp-block-file\"><object data-wp-bind--hidden=\"!state.hasPdfPreview\" hidden class=\"wp-block-file__embed\" data=\"https:\/\/foastek.fr\/wp-content\/uploads\/2026\/01\/20260128-Droit-dalerte-des-CSE.pdf\" type=\"application\/pdf\" style=\"width:100%;height:600px\" aria-label=\"Contenu embarqu\u00e9 20260128 - Droit d&apos;alerte des CSE.\"><\/object><a id=\"wp-block-file--media-4aa4a685-6597-4a2e-9d53-212208c748c9\" href=\"https:\/\/foastek.fr\/wp-content\/uploads\/2026\/01\/20260128-Droit-dalerte-des-CSE.pdf\">20260128 &#8211; Droit d&rsquo;alerte des CSE<\/a><a href=\"https:\/\/foastek.fr\/wp-content\/uploads\/2026\/01\/20260128-Droit-dalerte-des-CSE.pdf\" class=\"wp-block-file__button wp-element-button\" download aria-describedby=\"wp-block-file--media-4aa4a685-6597-4a2e-9d53-212208c748c9\">T\u00e9l\u00e9charger<\/a><\/div>\n","protected":false},"excerpt":{"rendered":"<div class=\"mh-excerpt\"><p>La Cour de cassation apporte des pr\u00e9cisions s\u2019agissant du droit d\u2019alerte du CSE en cas d\u2019atteinte aux droits des personnes. Par un arr\u00eat du 3 <a class=\"mh-excerpt-more\" href=\"https:\/\/foastek.fr\/?p=6081\" title=\"Droit d&rsquo;alerte des CSE\">[&#8230;]<\/a><\/p>\n<\/div>","protected":false},"author":1,"featured_media":4350,"comment_status":"open","ping_status":"open","sticky":false,"template":"","format":"standard","meta":{"h5ap_radio_sources":[],"jetpack_post_was_ever_published":false,"_jetpack_newsletter_access":"","_jetpack_dont_email_post_to_subs":false,"_jetpack_newsletter_tier_id":0,"_jetpack_memberships_contains_paywalled_content":false,"_jetpack_memberships_contains_paid_content":false,"footnotes":"","jetpack_publicize_message":"","jetpack_publicize_feature_enabled":true,"jetpack_social_post_already_shared":true,"jetpack_social_options":{"image_generator_settings":{"template":"highway","default_image_id":0,"font":"","enabled":false},"version":2}},"categories":[2,10],"tags":[167,465,50],"class_list":["post-6081","post","type-post","status-publish","format-standard","has-post-thumbnail","hentry","category-accueil","category-vos-droits","tag-cse","tag-droit-dalerte","tag-fo"],"jetpack_publicize_connections":[],"jetpack_featured_media_url":"https:\/\/i0.wp.com\/foastek.fr\/wp-content\/uploads\/2023\/04\/palais_justice.jpg?fit=805%2C453&ssl=1","jetpack_sharing_enabled":true,"jetpack_shortlink":"https:\/\/wp.me\/p77E1E-1A5","jetpack-related-posts":[],"_links":{"self":[{"href":"https:\/\/foastek.fr\/index.php?rest_route=\/wp\/v2\/posts\/6081","targetHints":{"allow":["GET"]}}],"collection":[{"href":"https:\/\/foastek.fr\/index.php?rest_route=\/wp\/v2\/posts"}],"about":[{"href":"https:\/\/foastek.fr\/index.php?rest_route=\/wp\/v2\/types\/post"}],"author":[{"embeddable":true,"href":"https:\/\/foastek.fr\/index.php?rest_route=\/wp\/v2\/users\/1"}],"replies":[{"embeddable":true,"href":"https:\/\/foastek.fr\/index.php?rest_route=%2Fwp%2Fv2%2Fcomments&post=6081"}],"version-history":[{"count":2,"href":"https:\/\/foastek.fr\/index.php?rest_route=\/wp\/v2\/posts\/6081\/revisions"}],"predecessor-version":[{"id":6094,"href":"https:\/\/foastek.fr\/index.php?rest_route=\/wp\/v2\/posts\/6081\/revisions\/6094"}],"wp:featuredmedia":[{"embeddable":true,"href":"https:\/\/foastek.fr\/index.php?rest_route=\/wp\/v2\/media\/4350"}],"wp:attachment":[{"href":"https:\/\/foastek.fr\/index.php?rest_route=%2Fwp%2Fv2%2Fmedia&parent=6081"}],"wp:term":[{"taxonomy":"category","embeddable":true,"href":"https:\/\/foastek.fr\/index.php?rest_route=%2Fwp%2Fv2%2Fcategories&post=6081"},{"taxonomy":"post_tag","embeddable":true,"href":"https:\/\/foastek.fr\/index.php?rest_route=%2Fwp%2Fv2%2Ftags&post=6081"}],"curies":[{"name":"wp","href":"https:\/\/api.w.org\/{rel}","templated":true}]}}