{"id":6166,"date":"2026-02-24T20:42:04","date_gmt":"2026-02-24T19:42:04","guid":{"rendered":"https:\/\/foastek.fr\/?p=6166"},"modified":"2026-03-11T20:49:04","modified_gmt":"2026-03-11T19:49:04","slug":"astek-nao-2026-premieres-revendications","status":"publish","type":"post","link":"https:\/\/foastek.fr\/?p=6166","title":{"rendered":"[Astek] NAO 2026 &#8211; Premi\u00e8res revendications"},"content":{"rendered":"\n<p><strong><em><mark style=\"background-color:rgba(0, 0, 0, 0)\" class=\"has-inline-color has-vivid-red-color\">FO<\/mark><\/em><\/strong> a adress\u00e9 ses premi\u00e8res revendications \u00e0 la direction en vue de la r\u00e9union du 26 f\u00e9vrier.<\/p>\n\n\n\n<p><strong><em><mark style=\"background-color:rgba(0, 0, 0, 0)\" class=\"has-inline-color has-vivid-red-color\">FO<\/mark><\/em><\/strong> attend que la direction fournisse les donn\u00e9es n\u00e9cessaires pour \u00e9laborer des revendications compl\u00e9mentaires. <\/p>\n\n\n\n<div data-wp-interactive=\"core\/file\" class=\"wp-block-file\"><object data-wp-bind--hidden=\"!state.hasPdfPreview\" hidden class=\"wp-block-file__embed\" data=\"https:\/\/foastek.fr\/wp-content\/uploads\/2026\/03\/20260224_RevendicationsFO_NAO_Remuneration-Tps-Travail-Partage-Val-Aj.pdf\" type=\"application\/pdf\" style=\"width:100%;height:600px\" aria-label=\"Contenu embarqu\u00e9 20260224_RevendicationsFO_NAO_R\u00e9mun\u00e9ration-Tps Travail-Partage Val Aj.\"><\/object><a id=\"wp-block-file--media-776eb489-a751-46ec-8387-253c9447bb53\" href=\"https:\/\/foastek.fr\/wp-content\/uploads\/2026\/03\/20260224_RevendicationsFO_NAO_Remuneration-Tps-Travail-Partage-Val-Aj.pdf\">20260224_RevendicationsFO_NAO_R\u00e9mun\u00e9ration-Tps Travail-Partage Val Aj<\/a><a href=\"https:\/\/foastek.fr\/wp-content\/uploads\/2026\/03\/20260224_RevendicationsFO_NAO_Remuneration-Tps-Travail-Partage-Val-Aj.pdf\" class=\"wp-block-file__button wp-element-button\" download aria-describedby=\"wp-block-file--media-776eb489-a751-46ec-8387-253c9447bb53\">T\u00e9l\u00e9charger<\/a><\/div>\n","protected":false},"excerpt":{"rendered":"<div class=\"mh-excerpt\"><p>FO a adress\u00e9 ses premi\u00e8res revendications \u00e0 la direction en vue de la r\u00e9union du 26 f\u00e9vrier. FO attend que la direction fournisse les donn\u00e9es <a class=\"mh-excerpt-more\" href=\"https:\/\/foastek.fr\/?p=6166\" title=\"[Astek] NAO 2026 &#8211; Premi\u00e8res revendications\">[&#8230;]<\/a><\/p>\n<\/div>","protected":false},"author":1,"featured_media":4424,"comment_status":"open","ping_status":"open","sticky":false,"template":"","format":"standard","meta":{"h5ap_radio_sources":[],"jetpack_post_was_ever_published":false,"_jetpack_newsletter_access":"","_jetpack_dont_email_post_to_subs":false,"_jetpack_newsletter_tier_id":0,"_jetpack_memberships_contains_paywalled_content":false,"_jetpack_memberships_contains_paid_content":false,"footnotes":"","jetpack_publicize_message":"","jetpack_publicize_feature_enabled":true,"jetpack_social_post_already_shared":true,"jetpack_social_options":{"image_generator_settings":{"template":"highway","default_image_id":0,"font":"","enabled":false},"version":2}},"categories":[2,256,7],"tags":[461,20,50,72,118,222,268],"class_list":["post-6166","post","type-post","status-publish","format-standard","has-post-thumbnail","hentry","category-accueil","category-astek","category-negociations","tag-461","tag-astek","tag-fo","tag-negociations","tag-salaires","tag-temps-de-travail","tag-valeur-ajoutee"],"jetpack_publicize_connections":[],"jetpack_featured_media_url":"https:\/\/i0.wp.com\/foastek.fr\/wp-content\/uploads\/2023\/04\/Negociation-Salaires.png?fit=800%2C600&ssl=1","jetpack_sharing_enabled":true,"jetpack_shortlink":"https:\/\/wp.me\/p77E1E-1Bs","jetpack-related-posts":[],"_links":{"self":[{"href":"https:\/\/foastek.fr\/index.php?rest_route=\/wp\/v2\/posts\/6166","targetHints":{"allow":["GET"]}}],"collection":[{"href":"https:\/\/foastek.fr\/index.php?rest_route=\/wp\/v2\/posts"}],"about":[{"href":"https:\/\/foastek.fr\/index.php?rest_route=\/wp\/v2\/types\/post"}],"author":[{"embeddable":true,"href":"https:\/\/foastek.fr\/index.php?rest_route=\/wp\/v2\/users\/1"}],"replies":[{"embeddable":true,"href":"https:\/\/foastek.fr\/index.php?rest_route=%2Fwp%2Fv2%2Fcomments&post=6166"}],"version-history":[{"count":1,"href":"https:\/\/foastek.fr\/index.php?rest_route=\/wp\/v2\/posts\/6166\/revisions"}],"predecessor-version":[{"id":6168,"href":"https:\/\/foastek.fr\/index.php?rest_route=\/wp\/v2\/posts\/6166\/revisions\/6168"}],"wp:featuredmedia":[{"embeddable":true,"href":"https:\/\/foastek.fr\/index.php?rest_route=\/wp\/v2\/media\/4424"}],"wp:attachment":[{"href":"https:\/\/foastek.fr\/index.php?rest_route=%2Fwp%2Fv2%2Fmedia&parent=6166"}],"wp:term":[{"taxonomy":"category","embeddable":true,"href":"https:\/\/foastek.fr\/index.php?rest_route=%2Fwp%2Fv2%2Fcategories&post=6166"},{"taxonomy":"post_tag","embeddable":true,"href":"https:\/\/foastek.fr\/index.php?rest_route=%2Fwp%2Fv2%2Ftags&post=6166"}],"curies":[{"name":"wp","href":"https:\/\/api.w.org\/{rel}","templated":true}]}}