{"id":6181,"date":"2026-02-13T21:31:07","date_gmt":"2026-02-13T20:31:07","guid":{"rendered":"https:\/\/foastek.fr\/?p=6181"},"modified":"2026-03-11T21:32:59","modified_gmt":"2026-03-11T20:32:59","slug":"barometre-du-numerique-qui-utilise-quoi-en-2026","status":"publish","type":"post","link":"https:\/\/foastek.fr\/?p=6181","title":{"rendered":"Barom\u00e8tre du num\u00e9rique : Qui utilise quoi en 2026 ?"},"content":{"rendered":"\n<p><em>Le Barom\u00e8tre du num\u00e9rique 2026, r\u00e9alis\u00e9 par le CR\u00c9DOC pour l\u2019Arcep, l\u2019Arcom, le CGE et l\u2019ANCT, s\u2019appuie sur une enqu\u00eate men\u00e9e en 2025 aupr\u00e8s de 4 145 personnes \u00e2g\u00e9es de 12 ans et plus. Il dresse un panorama des usages num\u00e9riques en France, en particulier autour de l\u2019intelligence artificielle g\u00e9n\u00e9rative, des r\u00e9seaux sociaux et des enjeux de protection et de comp\u00e9tences.<\/em><\/p>\n\n\n\n<p><strong>L\u2019essor fulgurant de l\u2019intelligence artificielle g\u00e9n\u00e9rative<\/strong><\/p>\n\n\n\n<p>En 2025, <a href=\"https:\/\/www.arcom.fr\/sites\/default\/files\/2026-02\/Arcom-Barometre-du-numerique-edition-2026.pdf#page=8\">48 % de la population utilise des outils d\u2019intelligence artificielle g\u00e9n\u00e9rative<\/a>, contre 20 % en 2023, soit une hausse de 28 points en deux ans. Les usages rel\u00e8vent d\u2019abord de la sph\u00e8re personnelle (42 %), devant les usages professionnels (30 % des actifs). L\u2019adoption r\u00e9sulte le plus souvent d\u2019une initiative individuelle (64 %), m\u00eame si 17 % des utilisateurs d\u00e9clarent une utilisation impos\u00e9e par leur employeur.<\/p>\n\n\n\n<p>Les \u00e9carts entre cat\u00e9gories sociales sont importants. L\u2019IA g\u00e9n\u00e9rative est utilis\u00e9e par 85 % des 18-24 ans, 76 % des cadres et professions intellectuelles sup\u00e9rieures et 65 % des dipl\u00f4m\u00e9s du sup\u00e9rieur. Ces profils se caract\u00e9risent \u00e9galement par des usages plus fr\u00e9quents.<\/p>\n\n\n\n<p><strong>IA g\u00e9n\u00e9rative : entre confiance et pr\u00e9occupations environnementales<\/strong><\/p>\n\n\n\n<p>Au-del\u00e0 des usages, le barom\u00e8tre met en \u00e9vidence une attitude globalement prudente \u00e0 l\u2019\u00e9gard de l\u2019intelligence artificielle. 52 % des Fran\u00e7ais d\u00e9clarent s\u2019en m\u00e9fier. Parmi les utilisateurs, 64 % indiquent v\u00e9rifier les informations produites par l\u2019outil. Un quart de la population (25 %) exprime des inqui\u00e9tudes quant aux cons\u00e9quences soci\u00e9tales de l\u2019IA, notamment en mati\u00e8re d\u2019emploi, de d\u00e9shumanisation des relations ou de consommation d\u2019\u00e9nergie.<\/p>\n\n\n\n<p>Les pr\u00e9occupations environnementales occupent elles aussi une place significative. 46 % des Fran\u00e7ais estiment que l\u2019IA g\u00e9n\u00e9rative <a href=\"https:\/\/www.arcom.fr\/sites\/default\/files\/2026-02\/Arcom-Barometre-du-numerique-edition-2026.pdf#page=18\">a un impact plus important sur l\u2019environnement<\/a> qu\u2019une recherche effectu\u00e9e via un moteur classique, 30 % jugent l\u2019impact \u00e9quivalent et 17 % le consid\u00e8rent moindre. Le barom\u00e8tre rappelle que la progression des centres de donn\u00e9es s\u2019accompagne d\u2019une hausse des \u00e9missions de gaz \u00e0 effet de serre, de la consommation \u00e9lectrique et des volumes d\u2019eau pr\u00e9lev\u00e9s.<\/p>\n\n\n\n<p><strong>Des usages domin\u00e9s par l\u2019information et la r\u00e9daction<\/strong><\/p>\n\n\n\n<p>La recherche d\u2019information constitue l\u2019usage principal de l\u2019IA g\u00e9n\u00e9rative : 73 % des utilisateurs y ont recours au moins une fois par mois et <a href=\"https:\/\/www.arcom.fr\/sites\/default\/files\/2026-02\/Arcom-Barometre-du-numerique-edition-2026.pdf#page=11\">21 % quotidiennement<\/a>. L\u2019aide \u00e0 la r\u00e9daction, \u00e0 la traduction ou \u00e0 l\u2019am\u00e9lioration de textes concerne 58 % des utilisateurs, tandis que la g\u00e9n\u00e9ration d\u2019id\u00e9es est cit\u00e9e par 57 %. La programmation ou le traitement de donn\u00e9es sont mentionn\u00e9s par 30 % des utilisateurs, une proportion qui atteint 44 % chez les cadres.<\/p>\n\n\n\n<p>Les motivations les plus fr\u00e9quemment cit\u00e9es sont l\u2019ergonomie (47 %) et le gain de productivit\u00e9 (41 %). Seuls 19 % des utilisateurs d\u00e9clarent recourir \u00e0 une version payante d\u2019un outil d\u2019IA g\u00e9n\u00e9rative.<\/p>\n\n\n\n<p><strong>R\u00e9seaux sociaux : pratiques courantes et exposition aux risques<\/strong><\/p>\n\n\n\n<p>En 2025, <a href=\"https:\/\/www.arcom.fr\/sites\/default\/files\/2026-02\/Arcom-Barometre-du-numerique-edition-2026.pdf#page=20\">46 % des internautes consultent quotidiennement les r\u00e9seaux sociaux<\/a> ou les plateformes de partage de vid\u00e9os. Un tiers des utilisateurs publie ou commente des contenus chaque jour, tandis que 49 % le font de mani\u00e8re plus occasionnelle. Les moins de 40 ans figurent parmi les utilisateurs les plus actifs.<\/p>\n\n\n\n<p>Pr\u00e8s de deux tiers des utilisateurs (64 %) d\u00e9clarent avoir \u00e9t\u00e9 expos\u00e9s \u00e0 des contenus inappropri\u00e9s ou inadapt\u00e9s. Les fausses informations concernent 70 % des usagers, les contenus injurieux 57 % et les contenus haineux ou discriminatoires 56 %. L\u2019exposition augmente avec l\u2019intensit\u00e9 des usages.<\/p>\n\n\n\n<p>Lien vers l\u2019\u00e9tude&nbsp;: <a href=\"https:\/\/urls.fr\/QNpc0Z\"><strong>https:\/\/urls.fr\/QNpc0Z<\/strong><\/a><\/p>\n","protected":false},"excerpt":{"rendered":"<div class=\"mh-excerpt\"><p>Le Barom\u00e8tre du num\u00e9rique 2026, r\u00e9alis\u00e9 par le CR\u00c9DOC pour l\u2019Arcep, l\u2019Arcom, le CGE et l\u2019ANCT, s\u2019appuie sur une enqu\u00eate men\u00e9e en 2025 aupr\u00e8s de <a class=\"mh-excerpt-more\" href=\"https:\/\/foastek.fr\/?p=6181\" title=\"Barom\u00e8tre du num\u00e9rique : Qui utilise quoi en 2026 ?\">[&#8230;]<\/a><\/p>\n<\/div>","protected":false},"author":1,"featured_media":6182,"comment_status":"open","ping_status":"open","sticky":false,"template":"","format":"standard","meta":{"h5ap_radio_sources":[],"jetpack_post_was_ever_published":false,"_jetpack_newsletter_access":"","_jetpack_dont_email_post_to_subs":false,"_jetpack_newsletter_tier_id":0,"_jetpack_memberships_contains_paywalled_content":false,"_jetpack_memberships_contains_paid_content":false,"footnotes":"","jetpack_publicize_message":"","jetpack_publicize_feature_enabled":true,"jetpack_social_post_already_shared":true,"jetpack_social_options":{"image_generator_settings":{"template":"highway","default_image_id":0,"font":"","enabled":false},"version":2}},"categories":[2,240,308],"tags":[29,195],"class_list":["post-6181","post","type-post","status-publish","format-standard","has-post-thumbnail","hentry","category-accueil","category-actualite","category-etude-enquete","tag-fo-cadres","tag-numerique"],"jetpack_publicize_connections":[],"jetpack_featured_media_url":"https:\/\/i0.wp.com\/foastek.fr\/wp-content\/uploads\/2026\/03\/Toute_l_equipe_FO_Cadres_vous_souhaite_64_fe6179c8d1.jpg?fit=1139%2C631&ssl=1","jetpack_sharing_enabled":true,"jetpack_shortlink":"https:\/\/wp.me\/p77E1E-1BH","jetpack-related-posts":[],"_links":{"self":[{"href":"https:\/\/foastek.fr\/index.php?rest_route=\/wp\/v2\/posts\/6181","targetHints":{"allow":["GET"]}}],"collection":[{"href":"https:\/\/foastek.fr\/index.php?rest_route=\/wp\/v2\/posts"}],"about":[{"href":"https:\/\/foastek.fr\/index.php?rest_route=\/wp\/v2\/types\/post"}],"author":[{"embeddable":true,"href":"https:\/\/foastek.fr\/index.php?rest_route=\/wp\/v2\/users\/1"}],"replies":[{"embeddable":true,"href":"https:\/\/foastek.fr\/index.php?rest_route=%2Fwp%2Fv2%2Fcomments&post=6181"}],"version-history":[{"count":1,"href":"https:\/\/foastek.fr\/index.php?rest_route=\/wp\/v2\/posts\/6181\/revisions"}],"predecessor-version":[{"id":6183,"href":"https:\/\/foastek.fr\/index.php?rest_route=\/wp\/v2\/posts\/6181\/revisions\/6183"}],"wp:featuredmedia":[{"embeddable":true,"href":"https:\/\/foastek.fr\/index.php?rest_route=\/wp\/v2\/media\/6182"}],"wp:attachment":[{"href":"https:\/\/foastek.fr\/index.php?rest_route=%2Fwp%2Fv2%2Fmedia&parent=6181"}],"wp:term":[{"taxonomy":"category","embeddable":true,"href":"https:\/\/foastek.fr\/index.php?rest_route=%2Fwp%2Fv2%2Fcategories&post=6181"},{"taxonomy":"post_tag","embeddable":true,"href":"https:\/\/foastek.fr\/index.php?rest_route=%2Fwp%2Fv2%2Ftags&post=6181"}],"curies":[{"name":"wp","href":"https:\/\/api.w.org\/{rel}","templated":true}]}}