{"id":6195,"date":"2026-03-13T07:18:00","date_gmt":"2026-03-13T06:18:00","guid":{"rendered":"https:\/\/foastek.fr\/?p=6195"},"modified":"2026-03-13T17:31:34","modified_gmt":"2026-03-13T16:31:34","slug":"acces-au-dossier-professionnel-comment-ca-marche","status":"publish","type":"post","link":"https:\/\/foastek.fr\/?p=6195","title":{"rendered":"Acc\u00e8s au dossier professionnel : comment \u00e7a marche ?"},"content":{"rendered":"\n<p>Tout salari\u00e9 ou ancien salari\u00e9 peut demander au service des ressources humaines [ou au d\u00e9l\u00e9gu\u00e9 \u00e0 la protection des donn\u00e9es (DPO) selon les cas] la consultation de son dossier personnel, que celui-ci soit conserv\u00e9 sur un support informatique ou sur papier. Le salari\u00e9 n\u2019a pas \u00e0 justifier sa demande.<\/p>\n\n\n\n<p>Le salari\u00e9 peut acc\u00e9der notamment \u00e0 toutes donn\u00e9es relatives \u00e0<\/p>\n\n\n\n<ul class=\"wp-block-list\">\n<li>Son recrutement (contrat de travail et avenants, d\u00e9claration pr\u00e9alable \u00e0 l\u2019embauche\u2026) ;<\/li>\n\n\n\n<li>Son historique de carri\u00e8re (comme les absences et justificatifs : arr\u00eats maladie, cong\u00e9s pay\u00e9s ; les attestations de suivi m\u00e9dical\u2026) ;<\/li>\n\n\n\n<li>L\u2019\u00e9valuation de ses comp\u00e9tences professionnelles (entretiens annuels d\u2019\u00e9valuation, notation) ;<\/li>\n\n\n\n<li>Ses demandes de formation, les formations suivies et les \u00e9ventuelles \u00e9valuations de celles-ci(compte rendu d\u2019entretien professionnel\u2026) ;<\/li>\n\n\n\n<li>Son dossier disciplinaire ;<\/li>\n\n\n\n<li>L\u2019utilisation de son badge de contr\u00f4le d\u2019acc\u00e8s aux locaux ;<\/li>\n\n\n\n<li>Ses donn\u00e9es issues d\u2019un dispositif de g\u00e9olocalisation ;<\/li>\n\n\n\n<li>Tout \u00e9l\u00e9ment ayant servi \u00e0 prendre une d\u00e9cision \u00e0 son \u00e9gard (une promotion, une augmentation, un changement d\u2019affectation, etc.). Il peut s\u2019agir des valeurs de classement annuel, parfois appel\u00e9es \u00ab ranking \u00bb, ou de potentiel de carri\u00e8re ;<\/li>\n\n\n\n<li>etc.<\/li>\n<\/ul>\n\n\n\n<p>Ne peuvent figurer dans le dossier personnel d\u2019un salari\u00e9, toutes les informations relatives \u00e0 sa vie priv\u00e9e autres que celles strictement n\u00e9cessaires \u00e0 l\u2019employeur pour pouvoir remplir le salari\u00e9 de ses droits comme son \u00e9tat civil, sa situation familiale (statut marital et composition du foyer), son domicile, son RIB afin d\u2019assurer la paie du salari\u00e9, son taux d\u2019imposition (pour le pr\u00e9l\u00e8vement \u00e0 la source), les coordonn\u00e9es d\u2019un proche pouvant servir de contact en cas d\u2019urgence touchant le salari\u00e9, son num\u00e9ro de s\u00e9curit\u00e9 sociale [le d\u00e9cret n\u00b02019-341 du 19 avril 2019 pr\u00e9cise les traitements dont les finalit\u00e9s n\u00e9cessitent l\u2019utilisation du num\u00e9ro de s\u00e9curit\u00e9 sociale (NIR)], le moyen de transport utilis\u00e9 r\u00e9guli\u00e8rement pour se rendre au travail, la copie du permis de conduire lorsque l\u2019emploi n\u00e9cessite des d\u00e9placements professionnels\u2026<\/p>\n\n\n\n<p>La divulgation par l\u2019employeur de l\u2019adresse du domicile d\u2019un salari\u00e9 sans son accord constitue une atteinte \u00e0 la vie priv\u00e9e (Cass. soc., 11-2-26, n\u00b024-18087). Pour rappel, une atteinte \u00e0 la vie priv\u00e9e, peu important qu\u2019elle ait caus\u00e9 ou non un pr\u00e9judice, ouvre droit \u00e0 r\u00e9paration (Cass. soc., 12-11-20, n\u00b019-20583). Attention, le salari\u00e9 qui divulgue des informations personnelles relatives \u00e0 un autre salari\u00e9 auxquelles il a pu avoir acc\u00e8s peut \u00eatre licenci\u00e9 pour faute grave (Cass. soc., 22-11-17, n\u00b016-24069).<\/p>\n\n\n\n<p>Tout salari\u00e9 justifiant de son identit\u00e9 peut exiger du responsable d\u2019un traitement que soient, selon les cas, rectifi\u00e9es, compl\u00e9t\u00e9es, mises \u00e0 jour, verrouill\u00e9es ou effac\u00e9es les donn\u00e9es \u00e0 caract\u00e8re personnel la concernant, qui sont inexactes, incompl\u00e8tes, \u00e9quivoques, p\u00e9rim\u00e9es, ou dont la collecte, l\u2019utilisation, la communication ou la conservation est interdite.<\/p>\n\n\n\n<p>Un salari\u00e9 ou un ancien salari\u00e9 n\u2019a pas le droit d\u2019acc\u00e9der aux donn\u00e9es concernant la situation personnelle d\u2019un tiers. Un repr\u00e9sentant du personnel n\u2019a pas le droit, au titre de sa mission,<br>d\u2019acc\u00e9der au dossier personnel d\u2019un tiers.<\/p>\n\n\n\n<p>Le droit d\u2019acc\u00e8s s\u2019exerce avec un justificatif d\u2019identit\u00e9 :<\/p>\n\n\n\n<ul class=\"wp-block-list\">\n<li>soit sur place,<\/li>\n\n\n\n<li>soit par \u00e9crit, y compris par voie \u00e9lectronique.<\/li>\n<\/ul>\n\n\n\n<p>Lorsque la demande est pr\u00e9sent\u00e9e sur place et ne peut \u00eatre satisfaite imm\u00e9diatement, un avis de r\u00e9ception dat\u00e9 et sign\u00e9 est d\u00e9livr\u00e9 au salari\u00e9. Si la demande ne comporte pas l\u2019ensemble<br>des \u00e9l\u00e9ments permettant de la traiter, l\u2019employeur invite le demandeur \u00e0 les lui fournir.<\/p>\n\n\n\n<p>Une copie des donn\u00e9es est d\u00e9livr\u00e9e au salari\u00e9 \u00e0 sa demande sans qu\u2019aucun co\u00fbt ne puisse lui \u00eatre exig\u00e9, sauf si les demandes sont manifestement infond\u00e9es ou excessives (exemple : demandes r\u00e9p\u00e9titives).<\/p>\n\n\n\n<p>L\u2019employeur doit r\u00e9pondre \u00e0 la demande dans les meilleurs d\u00e9lais sans d\u00e9passer un d\u00e9lai d\u2019un mois \u00e0 compter de la r\u00e9ception de la demande.<\/p>\n\n\n\n<p>Au besoin, compte tenu de la complexit\u00e9 et\/ou du nombre de demandes, ce d\u00e9lai peut \u00eatre prolong\u00e9 de deux mois suppl\u00e9mentaires. Dans ce cas, le salari\u00e9 ou ancien salari\u00e9 doit \u00eatre inform\u00e9 de cette prolongation et de ses motifs dans le d\u00e9lai d\u2019un mois \u00e0 compter de la r\u00e9ception de la demande.<\/p>\n\n\n\n<p>L\u2019\u00e9ventuel refus de l\u2019employeur d\u2019acc\u00e8s au dossier professionnel doit \u00eatre \u00e9crit, motiv\u00e9 et doit mentionner les voies de recours (r\u00e9clamation aupr\u00e8s de la CNIL ou recours juridictionnel).<\/p>\n\n\n\n<p>Dans des situations particuli\u00e8res, le droit d\u2019acc\u00e8s peut faire l\u2019objet de certaines restrictions, par exemple si les donn\u00e9es sont prot\u00e9g\u00e9es par le secret des affaires, la propri\u00e9t\u00e9 intellectuelle ou encore par le secret des correspondances.<\/p>\n\n\n\n<p>Les codes, sigles et abr\u00e9viations figurant dans les documents communiqu\u00e9s doivent \u00eatre expliqu\u00e9s, si n\u00e9cessaire \u00e0 l\u2019aide d\u2019un lexique.<\/p>\n","protected":false},"excerpt":{"rendered":"<div class=\"mh-excerpt\"><p>Tout salari\u00e9 ou ancien salari\u00e9 peut demander au service des ressources humaines [ou au d\u00e9l\u00e9gu\u00e9 \u00e0 la protection des donn\u00e9es (DPO) selon les cas] la <a class=\"mh-excerpt-more\" href=\"https:\/\/foastek.fr\/?p=6195\" title=\"Acc\u00e8s au dossier professionnel : comment \u00e7a marche ?\">[&#8230;]<\/a><\/p>\n<\/div>","protected":false},"author":1,"featured_media":4365,"comment_status":"open","ping_status":"open","sticky":false,"template":"","format":"standard","meta":{"h5ap_radio_sources":[],"jetpack_post_was_ever_published":false,"_jetpack_newsletter_access":"","_jetpack_dont_email_post_to_subs":false,"_jetpack_newsletter_tier_id":0,"_jetpack_memberships_contains_paywalled_content":false,"_jetpack_memberships_contains_paid_content":false,"footnotes":"","jetpack_publicize_message":"","jetpack_publicize_feature_enabled":true,"jetpack_social_post_already_shared":true,"jetpack_social_options":{"image_generator_settings":{"template":"highway","default_image_id":0,"font":"","enabled":false},"version":2}},"categories":[2,240,10],"tags":[16,50],"class_list":["post-6195","post","type-post","status-publish","format-standard","has-post-thumbnail","hentry","category-accueil","category-actualite","category-vos-droits","tag-dossier-professionnel","tag-fo"],"jetpack_publicize_connections":[],"jetpack_featured_media_url":"https:\/\/i0.wp.com\/foastek.fr\/wp-content\/uploads\/2023\/04\/code_travail.gif?fit=720%2C460&ssl=1","jetpack_sharing_enabled":true,"jetpack_shortlink":"https:\/\/wp.me\/p77E1E-1BV","jetpack-related-posts":[],"_links":{"self":[{"href":"https:\/\/foastek.fr\/index.php?rest_route=\/wp\/v2\/posts\/6195","targetHints":{"allow":["GET"]}}],"collection":[{"href":"https:\/\/foastek.fr\/index.php?rest_route=\/wp\/v2\/posts"}],"about":[{"href":"https:\/\/foastek.fr\/index.php?rest_route=\/wp\/v2\/types\/post"}],"author":[{"embeddable":true,"href":"https:\/\/foastek.fr\/index.php?rest_route=\/wp\/v2\/users\/1"}],"replies":[{"embeddable":true,"href":"https:\/\/foastek.fr\/index.php?rest_route=%2Fwp%2Fv2%2Fcomments&post=6195"}],"version-history":[{"count":3,"href":"https:\/\/foastek.fr\/index.php?rest_route=\/wp\/v2\/posts\/6195\/revisions"}],"predecessor-version":[{"id":6198,"href":"https:\/\/foastek.fr\/index.php?rest_route=\/wp\/v2\/posts\/6195\/revisions\/6198"}],"wp:featuredmedia":[{"embeddable":true,"href":"https:\/\/foastek.fr\/index.php?rest_route=\/wp\/v2\/media\/4365"}],"wp:attachment":[{"href":"https:\/\/foastek.fr\/index.php?rest_route=%2Fwp%2Fv2%2Fmedia&parent=6195"}],"wp:term":[{"taxonomy":"category","embeddable":true,"href":"https:\/\/foastek.fr\/index.php?rest_route=%2Fwp%2Fv2%2Fcategories&post=6195"},{"taxonomy":"post_tag","embeddable":true,"href":"https:\/\/foastek.fr\/index.php?rest_route=%2Fwp%2Fv2%2Ftags&post=6195"}],"curies":[{"name":"wp","href":"https:\/\/api.w.org\/{rel}","templated":true}]}}