{"id":6235,"date":"2026-01-15T09:19:47","date_gmt":"2026-01-15T08:19:47","guid":{"rendered":"https:\/\/foastek.fr\/?p=6235"},"modified":"2026-03-30T09:27:58","modified_gmt":"2026-03-30T08:27:58","slug":"astek-priorites-de-negociation-2026-pour-fo","status":"publish","type":"post","link":"https:\/\/foastek.fr\/?p=6235","title":{"rendered":"[Astek] Priorit\u00e9s de n\u00e9gociation 2026 pour FO"},"content":{"rendered":"\n<p><strong><em><mark style=\"background-color:rgba(0, 0, 0, 0)\" class=\"has-inline-color has-vivid-red-color\">FO<\/mark><\/em><\/strong> a pr\u00e9sent\u00e9 \u00e0 la Direction les sujets sur lesquels le syndicat souhaite n\u00e9gocier en 2026 :<\/p>\n\n\n\n<ul class=\"wp-block-list\">\n<li>R\u00e9mun\u00e9ration, temps de travail dont la gestion du temps partiel<\/li>\n\n\n\n<li>Partage de la valeur ajout\u00e9e<\/li>\n\n\n\n<li>Frais professionnels (titre restaurant, indemnit\u00e9 kilom\u00e9trique, indemnit\u00e9 logement)<\/li>\n\n\n\n<li>Jours pour enfant malade<\/li>\n\n\n\n<li>Jours pour d\u00e9m\u00e9nagement li\u00e9 avec une mission, une mutation<\/li>\n\n\n\n<li>Jours pour cong\u00e9 menstruel<\/li>\n\n\n\n<li>Emploi des salari\u00e9s exp\u00e9riment\u00e9s (nouveaut\u00e9 26 octobre 2025) = l&#8217;emploi, le\u00a0travail et l&rsquo;am\u00e9lioration des conditions de travail des salari\u00e9s exp\u00e9riment\u00e9s, en consid\u00e9ration de leur \u00e2ge<\/li>\n\n\n\n<li>Jours pour \u00e9v\u00e9nements traumatiques<\/li>\n<\/ul>\n\n\n\n<p><strong><em><mark style=\"background-color:rgba(0, 0, 0, 0)\" class=\"has-inline-color has-vivid-red-color\">FO<\/mark><\/em><\/strong> a d&rsquo;ailleurs pr\u00e9sent\u00e9 des propositions<\/p>\n\n\n\n<ul class=\"wp-block-list\">\n<li>Jours pour enfant malade<br>Moins de 12 ans = 3 jours par enfant et par an<br>De 12 \u00e0 18 ans = 2 jours par enfant et par an<\/li>\n<\/ul>\n\n\n\n<ul class=\"wp-block-list\">\n<li>Jours pour d\u00e9m\u00e9nagement li\u00e9 avec une mission, une mutation<br>2 jours<\/li>\n<\/ul>\n\n\n\n<ul class=\"wp-block-list\">\n<li>Jours pour cong\u00e9 menstruel<br>12 jours par an<\/li>\n<\/ul>\n\n\n\n<ul class=\"wp-block-list\">\n<li>Jours pour \u00e9v\u00e9nements traumatiques<br>Agression physique, Viol, Harc\u00e8lement, Proche en soins palliatifs (fin de vie) = 6 jours<br>D\u00e9c\u00e8s d&rsquo;un animal de compagnie = 2 jours<\/li>\n<\/ul>\n","protected":false},"excerpt":{"rendered":"<div class=\"mh-excerpt\"><p>FO a pr\u00e9sent\u00e9 \u00e0 la Direction les sujets sur lesquels le syndicat souhaite n\u00e9gocier en 2026 : FO a d&rsquo;ailleurs pr\u00e9sent\u00e9 des propositions<\/p>\n<\/div>","protected":false},"author":1,"featured_media":4382,"comment_status":"open","ping_status":"open","sticky":false,"template":"","format":"standard","meta":{"h5ap_radio_sources":[],"jetpack_post_was_ever_published":false,"_jetpack_newsletter_access":"","_jetpack_dont_email_post_to_subs":false,"_jetpack_newsletter_tier_id":0,"_jetpack_memberships_contains_paywalled_content":false,"_jetpack_memberships_contains_paid_content":false,"footnotes":"","jetpack_publicize_message":"","jetpack_publicize_feature_enabled":true,"jetpack_social_post_already_shared":true,"jetpack_social_options":{"image_generator_settings":{"template":"highway","default_image_id":0,"font":"","enabled":false},"version":2}},"categories":[2,240,256,7],"tags":[20,50,72],"class_list":["post-6235","post","type-post","status-publish","format-standard","has-post-thumbnail","hentry","category-accueil","category-actualite","category-astek","category-negociations","tag-astek","tag-fo","tag-negociations"],"jetpack_publicize_connections":[],"jetpack_featured_media_url":"https:\/\/i0.wp.com\/foastek.fr\/wp-content\/uploads\/2023\/03\/Negociation.png?fit=800%2C600&ssl=1","jetpack_sharing_enabled":true,"jetpack_shortlink":"https:\/\/wp.me\/p77E1E-1Cz","jetpack-related-posts":[],"_links":{"self":[{"href":"https:\/\/foastek.fr\/index.php?rest_route=\/wp\/v2\/posts\/6235","targetHints":{"allow":["GET"]}}],"collection":[{"href":"https:\/\/foastek.fr\/index.php?rest_route=\/wp\/v2\/posts"}],"about":[{"href":"https:\/\/foastek.fr\/index.php?rest_route=\/wp\/v2\/types\/post"}],"author":[{"embeddable":true,"href":"https:\/\/foastek.fr\/index.php?rest_route=\/wp\/v2\/users\/1"}],"replies":[{"embeddable":true,"href":"https:\/\/foastek.fr\/index.php?rest_route=%2Fwp%2Fv2%2Fcomments&post=6235"}],"version-history":[{"count":1,"href":"https:\/\/foastek.fr\/index.php?rest_route=\/wp\/v2\/posts\/6235\/revisions"}],"predecessor-version":[{"id":6236,"href":"https:\/\/foastek.fr\/index.php?rest_route=\/wp\/v2\/posts\/6235\/revisions\/6236"}],"wp:featuredmedia":[{"embeddable":true,"href":"https:\/\/foastek.fr\/index.php?rest_route=\/wp\/v2\/media\/4382"}],"wp:attachment":[{"href":"https:\/\/foastek.fr\/index.php?rest_route=%2Fwp%2Fv2%2Fmedia&parent=6235"}],"wp:term":[{"taxonomy":"category","embeddable":true,"href":"https:\/\/foastek.fr\/index.php?rest_route=%2Fwp%2Fv2%2Fcategories&post=6235"},{"taxonomy":"post_tag","embeddable":true,"href":"https:\/\/foastek.fr\/index.php?rest_route=%2Fwp%2Fv2%2Ftags&post=6235"}],"curies":[{"name":"wp","href":"https:\/\/api.w.org\/{rel}","templated":true}]}}