{"id":6528,"date":"2026-08-31T17:55:48","date_gmt":"2026-08-31T16:55:48","guid":{"rendered":"https:\/\/foastek.fr\/?p=6528"},"modified":"2026-09-01T17:57:13","modified_gmt":"2026-09-01T16:57:13","slug":"arrets-de-travail-rupture-conventionnelle-ce-qui-change-au-1er-septembre","status":"publish","type":"post","link":"https:\/\/foastek.fr\/?p=6528","title":{"rendered":"Arr\u00eats de travail, Rupture conventionnelle : Ce qui change au 1er septembre"},"content":{"rendered":"\n<p class=\"wp-block-paragraph\">1&#xfe0f;&#x20e3; Arr\u00eats de travail<br><br>&#x1f449; La 1\u00e8re prescription d\u2019arr\u00eat de travail est limit\u00e9e \u00e0 31 jours maximum ;<br>&#x1f449; Chaque prolongation sera limit\u00e9e \u00e0 62 jours maximum.<br><br>&#x26a0;&#xfe0f;Cela ne signifie pas qu\u2019un salari\u00e9 ne peut plus \u00eatre arr\u00eat\u00e9 au-del\u00e0 de ces dur\u00e9es. Il s\u2019agit de plafonds applicables \u00e0 chaque prescription m\u00e9dicale, et non d\u2019une dur\u00e9e maximale totale de l\u2019arr\u00eat.<br><br>2&#xfe0f;&#x20e3; Rupture conventionnelle<br><br>Le salari\u00e9 qui quitte son emploi dans le cadre d\u2019une rupture conventionnelle individuelle voit leur dur\u00e9e maximale d\u2019indemnisation ch\u00f4mage r\u00e9duite.<br><br>&#x1f464; 55 ans et plus<br>&#x27a1;&#xfe0f; dur\u00e9e d&rsquo;indemnisation de 20,5 mois maximum<br><br>&#x1f464; Moins de 55 ans<br>&#x27a1;&#xfe0f; dur\u00e9e d&rsquo;indemnisation de 15 mois maximum<br><br>Les r\u00e9sidents d\u2019Outre-mer, hors Mayotte, voient leur dur\u00e9e d\u2019indemnisation port\u00e9e \u00e0 20 mois pour les personnes de moins de 55 ans et \u00e0 30 mois pour les personnes de 55 ans et plus.<\/p>\n","protected":false},"excerpt":{"rendered":"<div class=\"mh-excerpt\"><p>1&#xfe0f;&#x20e3; Arr\u00eats de travail &#x1f449; La 1\u00e8re prescription d\u2019arr\u00eat de travail est limit\u00e9e \u00e0 31 jours maximum ;&#x1f449; Chaque prolongation sera limit\u00e9e \u00e0 62 jours <a class=\"mh-excerpt-more\" href=\"https:\/\/foastek.fr\/?p=6528\" title=\"Arr\u00eats de travail, Rupture conventionnelle : Ce qui change au 1er septembre\">[&#8230;]<\/a><\/p>\n<\/div>","protected":false},"author":1,"featured_media":4365,"comment_status":"open","ping_status":"open","sticky":false,"template":"","format":"standard","meta":{"h5ap_radio_sources":[],"_jetpack_newsletter_access":"","_jetpack_dont_email_post_to_subs":false,"_jetpack_newsletter_tier_id":0,"_jetpack_memberships_contains_paywalled_content":false,"_jetpack_feature_clip_id":0,"_jetpack_memberships_contains_paid_content":false,"footnotes":"","jetpack_publicize_message":"","jetpack_publicize_feature_enabled":true,"jetpack_social_post_already_shared":true,"jetpack_social_options":{"image_generator_settings":{"template":"highway","default_image_id":0,"font":"","enabled":false},"version":2},"jetpack_post_was_ever_published":false,"_members_access_role":[],"_members_access_error":""},"categories":[2,10],"tags":[451,31],"class_list":["post-6528","post","type-post","status-publish","format-standard","has-post-thumbnail","hentry","category-accueil","category-vos-droits","tag-arret-de-travail","tag-rupture-conventionnelle"],"jetpack_publicize_connections":[],"jetpack_sharing_enabled":true,"jetpack_shortlink":"https:\/\/wp.me\/p77E1E-1Hi","jetpack-related-posts":[],"jetpack_featured_media_url":"https:\/\/i0.wp.com\/foastek.fr\/wp-content\/uploads\/2023\/04\/code_travail.gif?fit=720%2C460&ssl=1","_links":{"self":[{"href":"https:\/\/foastek.fr\/index.php?rest_route=\/wp\/v2\/posts\/6528","targetHints":{"allow":["GET"]}}],"collection":[{"href":"https:\/\/foastek.fr\/index.php?rest_route=\/wp\/v2\/posts"}],"about":[{"href":"https:\/\/foastek.fr\/index.php?rest_route=\/wp\/v2\/types\/post"}],"author":[{"embeddable":true,"href":"https:\/\/foastek.fr\/index.php?rest_route=\/wp\/v2\/users\/1"}],"replies":[{"embeddable":true,"href":"https:\/\/foastek.fr\/index.php?rest_route=%2Fwp%2Fv2%2Fcomments&post=6528"}],"version-history":[{"count":1,"href":"https:\/\/foastek.fr\/index.php?rest_route=\/wp\/v2\/posts\/6528\/revisions"}],"predecessor-version":[{"id":6529,"href":"https:\/\/foastek.fr\/index.php?rest_route=\/wp\/v2\/posts\/6528\/revisions\/6529"}],"wp:featuredmedia":[{"embeddable":true,"href":"https:\/\/foastek.fr\/index.php?rest_route=\/wp\/v2\/media\/4365"}],"wp:attachment":[{"href":"https:\/\/foastek.fr\/index.php?rest_route=%2Fwp%2Fv2%2Fmedia&parent=6528"}],"wp:term":[{"taxonomy":"category","embeddable":true,"href":"https:\/\/foastek.fr\/index.php?rest_route=%2Fwp%2Fv2%2Fcategories&post=6528"},{"taxonomy":"post_tag","embeddable":true,"href":"https:\/\/foastek.fr\/index.php?rest_route=%2Fwp%2Fv2%2Ftags&post=6528"}],"curies":[{"name":"wp","href":"https:\/\/api.w.org\/{rel}","templated":true}]}}