{"id":6546,"date":"2026-07-27T18:11:02","date_gmt":"2026-07-27T17:11:02","guid":{"rendered":"https:\/\/foastek.fr\/?p=6546"},"modified":"2026-09-01T18:12:17","modified_gmt":"2026-09-01T17:12:17","slug":"un-salarie-place-en-arret-maladie-pendant-un-conge-paye-a-t-il-droit-au-report-de-ce-conge-2","status":"publish","type":"post","link":"https:\/\/foastek.fr\/?p=6546","title":{"rendered":"Un salari\u00e9 plac\u00e9 en arr\u00eat maladie pendant un cong\u00e9 pay\u00e9 a-t-il droit au report de ce cong\u00e9 ?"},"content":{"rendered":"\n<p class=\"wp-block-paragraph\">A cette question, la Cour a r\u00e9pondu \u00ab\u00a0Oui\u00a0\u00bb dans un arr\u00eat du 10 Septembre 2025, pr\u00e9cisant que \u00ab\u00a0d\u00e8s lors qu\u2019un salari\u00e9 plac\u00e9 en arr\u00eat maladie pendant ses cong\u00e9s pay\u00e9s a notifi\u00e9 \u00e0 son employeur cet arr\u00eat, il a le droit de les voir report\u00e9s\u00a0\u00bb (Cass. Soc., 10 septembre 2025, n\u00b023-22732 ; <a href=\"https:\/\/lnkd.in\/ezGN965H\">https:\/\/lnkd.in\/ezGN965H<\/a>).<br><br>Cette d\u00e9cision se fonde sur la logique suivante : puisque la maladie emp\u00eache le salari\u00e9 de se reposer, ce dernier plac\u00e9 en arr\u00eat pendant ses cong\u00e9s pay\u00e9s, a droit \u00e0 ce qu&rsquo;ils soient report\u00e9s.<br><br>La Cour de cassation met ainsi le droit fran\u00e7ais en conformit\u00e9 avec le droit europ\u00e9en.<br><br>La d\u00e9cision rendue par la Cour exige bien de la part du salari\u00e9 que celui-ci ait notifi\u00e9 son arr\u00eat de travail \u00e0 son employeur, condition indispensable pour qu&rsquo;il puisse pr\u00e9tendre au report de ses cong\u00e9s pay\u00e9s.<\/p>\n\n\n\n<p class=\"wp-block-paragraph\"><\/p>\n","protected":false},"excerpt":{"rendered":"<div class=\"mh-excerpt\"><p>A cette question, la Cour a r\u00e9pondu \u00ab\u00a0Oui\u00a0\u00bb dans un arr\u00eat du 10 Septembre 2025, pr\u00e9cisant que \u00ab\u00a0d\u00e8s lors qu\u2019un salari\u00e9 plac\u00e9 en arr\u00eat maladie <a class=\"mh-excerpt-more\" href=\"https:\/\/foastek.fr\/?p=6546\" title=\"Un salari\u00e9 plac\u00e9 en arr\u00eat maladie pendant un cong\u00e9 pay\u00e9 a-t-il droit au report de ce cong\u00e9 ?\">[&#8230;]<\/a><\/p>\n<\/div>","protected":false},"author":1,"featured_media":4350,"comment_status":"open","ping_status":"open","sticky":false,"template":"","format":"standard","meta":{"h5ap_radio_sources":[],"_jetpack_newsletter_access":"","_jetpack_dont_email_post_to_subs":false,"_jetpack_newsletter_tier_id":0,"_jetpack_memberships_contains_paywalled_content":false,"_jetpack_feature_clip_id":0,"_jetpack_memberships_contains_paid_content":false,"footnotes":"","jetpack_publicize_message":"","jetpack_publicize_feature_enabled":true,"jetpack_social_post_already_shared":true,"jetpack_social_options":{"image_generator_settings":{"template":"highway","default_image_id":0,"font":"","enabled":false},"version":2},"jetpack_post_was_ever_published":false,"_members_access_role":[],"_members_access_error":""},"categories":[240,160,10],"tags":[362,170,50,149,54],"class_list":["post-6546","post","type-post","status-publish","format-standard","has-post-thumbnail","hentry","category-actualite","category-sante","category-vos-droits","tag-arret-maladie","tag-cassation","tag-fo","tag-justice","tag-sante"],"jetpack_publicize_connections":[],"jetpack_sharing_enabled":true,"jetpack_shortlink":"https:\/\/wp.me\/p77E1E-1HA","jetpack-related-posts":[],"jetpack_featured_media_url":"https:\/\/i0.wp.com\/foastek.fr\/wp-content\/uploads\/2023\/04\/palais_justice.jpg?fit=805%2C453&ssl=1","_links":{"self":[{"href":"https:\/\/foastek.fr\/index.php?rest_route=\/wp\/v2\/posts\/6546","targetHints":{"allow":["GET"]}}],"collection":[{"href":"https:\/\/foastek.fr\/index.php?rest_route=\/wp\/v2\/posts"}],"about":[{"href":"https:\/\/foastek.fr\/index.php?rest_route=\/wp\/v2\/types\/post"}],"author":[{"embeddable":true,"href":"https:\/\/foastek.fr\/index.php?rest_route=\/wp\/v2\/users\/1"}],"replies":[{"embeddable":true,"href":"https:\/\/foastek.fr\/index.php?rest_route=%2Fwp%2Fv2%2Fcomments&post=6546"}],"version-history":[{"count":1,"href":"https:\/\/foastek.fr\/index.php?rest_route=\/wp\/v2\/posts\/6546\/revisions"}],"predecessor-version":[{"id":6547,"href":"https:\/\/foastek.fr\/index.php?rest_route=\/wp\/v2\/posts\/6546\/revisions\/6547"}],"wp:featuredmedia":[{"embeddable":true,"href":"https:\/\/foastek.fr\/index.php?rest_route=\/wp\/v2\/media\/4350"}],"wp:attachment":[{"href":"https:\/\/foastek.fr\/index.php?rest_route=%2Fwp%2Fv2%2Fmedia&parent=6546"}],"wp:term":[{"taxonomy":"category","embeddable":true,"href":"https:\/\/foastek.fr\/index.php?rest_route=%2Fwp%2Fv2%2Fcategories&post=6546"},{"taxonomy":"post_tag","embeddable":true,"href":"https:\/\/foastek.fr\/index.php?rest_route=%2Fwp%2Fv2%2Ftags&post=6546"}],"curies":[{"name":"wp","href":"https:\/\/api.w.org\/{rel}","templated":true}]}}