{"id":663,"date":"2016-11-10T07:00:14","date_gmt":"2016-11-10T06:00:14","guid":{"rendered":"http:\/\/foastek.fr\/?p=663"},"modified":"2016-11-07T15:52:57","modified_gmt":"2016-11-07T14:52:57","slug":"fichier-tes-fo-cadres-demande-sa-suspension-et-exige-une-analyse-dimpact","status":"publish","type":"post","link":"https:\/\/foastek.fr\/?p=663","title":{"rendered":"Fichier TES : FO-Cadres demande sa suspension et exige une analyse d\u2019impact"},"content":{"rendered":"<p>Le 30 octobre dernier, l\u2019ex\u00e9cutif a donn\u00e9 naissance au fichier des titres \u00e9lectroniques s\u00e9curis\u00e9s -TES- qui va regrouper en une seule base de donn\u00e9es les informations relatives aux cartes d\u2019identit\u00e9 et p<img data-recalc-dims=\"1\" loading=\"lazy\" decoding=\"async\" class=\"wp-image-12194 alignleft\" src=\"https:\/\/i0.wp.com\/www.fo-cadres.fr\/content\/uploads\/2016\/11\/Fotolia_69811123_S.jpg?resize=415%2C253\" sizes=\"auto, (max-width: 625px) 100vw, 625px\" srcset=\"http:\/\/www.fo-cadres.fr\/content\/uploads\/2016\/11\/Fotolia_69811123_S.jpg 888w, http:\/\/www.fo-cadres.fr\/content\/uploads\/2016\/11\/Fotolia_69811123_S-150x91.jpg 150w, http:\/\/www.fo-cadres.fr\/content\/uploads\/2016\/11\/Fotolia_69811123_S-768x468.jpg 768w\" alt=\"FO-Cadres-CP-stop-TES-20161107\" width=\"415\" height=\"253\" \/>asseports de tous les Fran\u00e7ais.<span id=\"more-12192\"><\/span><\/p>\n<p>Ce fichier voit le jour alors m\u00eame que la CNIL* a fait part de ses plus grandes r\u00e9serves. Si la finalit\u00e9 d\u2019un dispositif peut \u00eatre jug\u00e9e l\u00e9gitime, il convient de s\u2019interroger sur la proportionnalit\u00e9 de celui-ci. Or le choix de l\u2019architecture retenue par le gouvernement, \u00e0 savoir une base centralis\u00e9e, comporte des risques r\u00e9els sur le plan des libert\u00e9s publiques. FO-Cadres a toujours d\u00e9fendu la conservation des donn\u00e9es biom\u00e9triques sur un support individuel en lieu et place d\u2019une base centralis\u00e9e, notamment dans le domaine du travail. L\u2019architecture d\u2019authentification retenue pour TES ouvre \u00e9galement la porte \u00e0 une possibilit\u00e9 de d\u00e9tournement du fichier \u00e0 des fins d\u2019identification de plus de 60 millions de personnes.<\/p>\n<p>Le choix op\u00e9r\u00e9 par le gouvernement <em>via<\/em> l\u2019adoption d\u2019un d\u00e9cret a priv\u00e9 le parlement d\u2019un d\u00e9bat d\u00e9mocratique pourtant essentiel au regard de l\u2019enjeu.<\/p>\n<p><strong>Pour FO-Cadres il est encore temps d\u2019obtenir une \u00e9valuation compl\u00e9mentaire du dispositif et d\u2019\u00e9prouver sa proportionnalit\u00e9 au regard de la loi informatique et libert\u00e9s. C\u2019est pourquoi FO-cadres demande la suspension du fichier TES afin qu\u2019il fasse l\u2019objet d\u2019une analyse d\u2019impact compte tenu de sa port\u00e9e et du risque pour les droits et libert\u00e9s des personnes tel que pr\u00e9vu notamment par le RGPD (R\u00e8glement europ\u00e9en sur la protection des donn\u00e9es).<\/strong><\/p>\n<p>*<em>Commission Nationale de l\u2019Informatique et des Libert\u00e9s<\/em><\/p>\n","protected":false},"excerpt":{"rendered":"<div class=\"mh-excerpt\"><p>Le 30 octobre dernier, l\u2019ex\u00e9cutif a donn\u00e9 naissance au fichier des titres \u00e9lectroniques s\u00e9curis\u00e9s -TES- qui va regrouper en une seule base de donn\u00e9es les <a class=\"mh-excerpt-more\" href=\"https:\/\/foastek.fr\/?p=663\" title=\"Fichier TES : FO-Cadres demande sa suspension et exige une analyse d\u2019impact\">[&#8230;]<\/a><\/p>\n<\/div>","protected":false},"author":1,"featured_media":0,"comment_status":"open","ping_status":"open","sticky":false,"template":"","format":"standard","meta":{"h5ap_radio_sources":[],"jetpack_post_was_ever_published":false,"_jetpack_newsletter_access":"","_jetpack_dont_email_post_to_subs":false,"_jetpack_newsletter_tier_id":0,"_jetpack_memberships_contains_paywalled_content":false,"_jetpack_memberships_contains_paid_content":false,"footnotes":"","jetpack_publicize_message":"","jetpack_publicize_feature_enabled":true,"jetpack_social_post_already_shared":true,"jetpack_social_options":{"image_generator_settings":{"template":"highway","default_image_id":0,"font":"","enabled":false},"version":2}},"categories":[2,4,10],"tags":[],"class_list":["post-663","post","type-post","status-publish","format-standard","hentry","category-accueil","category-communication","category-vos-droits"],"jetpack_publicize_connections":[],"jetpack_featured_media_url":"","jetpack_sharing_enabled":true,"jetpack_shortlink":"https:\/\/wp.me\/p77E1E-aH","jetpack-related-posts":[],"_links":{"self":[{"href":"https:\/\/foastek.fr\/index.php?rest_route=\/wp\/v2\/posts\/663","targetHints":{"allow":["GET"]}}],"collection":[{"href":"https:\/\/foastek.fr\/index.php?rest_route=\/wp\/v2\/posts"}],"about":[{"href":"https:\/\/foastek.fr\/index.php?rest_route=\/wp\/v2\/types\/post"}],"author":[{"embeddable":true,"href":"https:\/\/foastek.fr\/index.php?rest_route=\/wp\/v2\/users\/1"}],"replies":[{"embeddable":true,"href":"https:\/\/foastek.fr\/index.php?rest_route=%2Fwp%2Fv2%2Fcomments&post=663"}],"version-history":[{"count":1,"href":"https:\/\/foastek.fr\/index.php?rest_route=\/wp\/v2\/posts\/663\/revisions"}],"predecessor-version":[{"id":664,"href":"https:\/\/foastek.fr\/index.php?rest_route=\/wp\/v2\/posts\/663\/revisions\/664"}],"wp:attachment":[{"href":"https:\/\/foastek.fr\/index.php?rest_route=%2Fwp%2Fv2%2Fmedia&parent=663"}],"wp:term":[{"taxonomy":"category","embeddable":true,"href":"https:\/\/foastek.fr\/index.php?rest_route=%2Fwp%2Fv2%2Fcategories&post=663"},{"taxonomy":"post_tag","embeddable":true,"href":"https:\/\/foastek.fr\/index.php?rest_route=%2Fwp%2Fv2%2Ftags&post=663"}],"curies":[{"name":"wp","href":"https:\/\/api.w.org\/{rel}","templated":true}]}}