{"id":988,"date":"2017-10-31T11:00:55","date_gmt":"2017-10-31T10:00:55","guid":{"rendered":"http:\/\/foastek.fr\/?p=988"},"modified":"2017-12-11T11:04:59","modified_gmt":"2017-12-11T10:04:59","slug":"fo-cadres-dossier-motif-personnel-lettre-n-169","status":"publish","type":"post","link":"https:\/\/foastek.fr\/?p=988","title":{"rendered":"[FO Cadres] Dossier \u00ab\u00a0Motif personnel\u00a0\u00bb (Lettre n\u00b0 169)"},"content":{"rendered":"<p><a href=\"https:\/\/i0.wp.com\/foastek.fr\/wp-content\/uploads\/2017\/12\/FOCadres_Lettre169.png\"><img data-recalc-dims=\"1\" loading=\"lazy\" decoding=\"async\" data-attachment-id=\"989\" data-permalink=\"https:\/\/foastek.fr\/?attachment_id=989\" data-orig-file=\"https:\/\/i0.wp.com\/foastek.fr\/wp-content\/uploads\/2017\/12\/FOCadres_Lettre169.png?fit=603%2C800&amp;ssl=1\" data-orig-size=\"603,800\" data-comments-opened=\"1\" data-image-meta=\"{&quot;aperture&quot;:&quot;0&quot;,&quot;credit&quot;:&quot;&quot;,&quot;camera&quot;:&quot;&quot;,&quot;caption&quot;:&quot;&quot;,&quot;created_timestamp&quot;:&quot;0&quot;,&quot;copyright&quot;:&quot;&quot;,&quot;focal_length&quot;:&quot;0&quot;,&quot;iso&quot;:&quot;0&quot;,&quot;shutter_speed&quot;:&quot;0&quot;,&quot;title&quot;:&quot;&quot;,&quot;orientation&quot;:&quot;0&quot;}\" data-image-title=\"FOCadres_Lettre169\" data-image-description=\"\" data-image-caption=\"\" data-large-file=\"https:\/\/i0.wp.com\/foastek.fr\/wp-content\/uploads\/2017\/12\/FOCadres_Lettre169.png?fit=603%2C800&amp;ssl=1\" class=\"alignleft size-medium wp-image-989\" src=\"https:\/\/i0.wp.com\/foastek.fr\/wp-content\/uploads\/2017\/12\/FOCadres_Lettre169.png?resize=226%2C300\" alt=\"\" width=\"226\" height=\"300\" srcset=\"https:\/\/i0.wp.com\/foastek.fr\/wp-content\/uploads\/2017\/12\/FOCadres_Lettre169.png?resize=226%2C300&amp;ssl=1 226w, https:\/\/i0.wp.com\/foastek.fr\/wp-content\/uploads\/2017\/12\/FOCadres_Lettre169.png?w=603&amp;ssl=1 603w\" sizes=\"auto, (max-width: 226px) 100vw, 226px\" \/><\/a><strong>MOTIF PERSONNEL.<\/strong><br \/>\n<strong>Un flot de licenciements qui ne fait pas de vagues<\/strong><\/p>\n<p>Au sommaire de ce num\u00e9ro :<\/p>\n<ul>\n<li>Les GAFA, bient\u00f4t mieux tax\u00e9s dans l\u2019UE ?<\/li>\n<li>Retraites compl\u00e9mentaires. Le gel des pensions perdure.<\/li>\n<li>Zoom sur\u2026 L\u2019\u00e9volution de la r\u00e9mun\u00e9ration des cadres.<\/li>\n<li>France Strat\u00e9gie. Un cadre de d\u00e9bats sur le statut.<\/li>\n<\/ul>\n<p>&nbsp;<\/p>\n<p>Pour consultez, cliquez sur le lien : <a href=\"http:\/\/foastek.fr\/wp-content\/uploads\/2017\/12\/1590_FO_Cadres_Lettre_169_BD.pdf\">FO Cadres N\u00b0169<\/a>\u00a0 (<em>pdf, 16 pages, 1,2 Mo<\/em>)<\/p>\n","protected":false},"excerpt":{"rendered":"<div class=\"mh-excerpt\"><p>MOTIF PERSONNEL. Un flot de licenciements qui ne fait pas de vagues Au sommaire de ce num\u00e9ro : Les GAFA, bient\u00f4t mieux tax\u00e9s dans l\u2019UE <a class=\"mh-excerpt-more\" href=\"https:\/\/foastek.fr\/?p=988\" title=\"[FO Cadres] Dossier \u00ab\u00a0Motif personnel\u00a0\u00bb (Lettre n\u00b0 169)\">[&#8230;]<\/a><\/p>\n<\/div>","protected":false},"author":1,"featured_media":0,"comment_status":"open","ping_status":"open","sticky":false,"template":"","format":"standard","meta":{"h5ap_radio_sources":[],"jetpack_post_was_ever_published":false,"_jetpack_newsletter_access":"","_jetpack_dont_email_post_to_subs":false,"_jetpack_newsletter_tier_id":0,"_jetpack_memberships_contains_paywalled_content":false,"_jetpack_memberships_contains_paid_content":false,"footnotes":"","jetpack_publicize_message":"","jetpack_publicize_feature_enabled":true,"jetpack_social_post_already_shared":true,"jetpack_social_options":{"image_generator_settings":{"template":"highway","default_image_id":0,"font":"","enabled":false},"version":2}},"categories":[2,4],"tags":[29,22],"class_list":["post-988","post","type-post","status-publish","format-standard","hentry","category-accueil","category-communication","tag-fo-cadres","tag-licenciement"],"jetpack_publicize_connections":[],"jetpack_featured_media_url":"","jetpack_sharing_enabled":true,"jetpack_shortlink":"https:\/\/wp.me\/p77E1E-fW","jetpack-related-posts":[],"_links":{"self":[{"href":"https:\/\/foastek.fr\/index.php?rest_route=\/wp\/v2\/posts\/988","targetHints":{"allow":["GET"]}}],"collection":[{"href":"https:\/\/foastek.fr\/index.php?rest_route=\/wp\/v2\/posts"}],"about":[{"href":"https:\/\/foastek.fr\/index.php?rest_route=\/wp\/v2\/types\/post"}],"author":[{"embeddable":true,"href":"https:\/\/foastek.fr\/index.php?rest_route=\/wp\/v2\/users\/1"}],"replies":[{"embeddable":true,"href":"https:\/\/foastek.fr\/index.php?rest_route=%2Fwp%2Fv2%2Fcomments&post=988"}],"version-history":[{"count":2,"href":"https:\/\/foastek.fr\/index.php?rest_route=\/wp\/v2\/posts\/988\/revisions"}],"predecessor-version":[{"id":992,"href":"https:\/\/foastek.fr\/index.php?rest_route=\/wp\/v2\/posts\/988\/revisions\/992"}],"wp:attachment":[{"href":"https:\/\/foastek.fr\/index.php?rest_route=%2Fwp%2Fv2%2Fmedia&parent=988"}],"wp:term":[{"taxonomy":"category","embeddable":true,"href":"https:\/\/foastek.fr\/index.php?rest_route=%2Fwp%2Fv2%2Fcategories&post=988"},{"taxonomy":"post_tag","embeddable":true,"href":"https:\/\/foastek.fr\/index.php?rest_route=%2Fwp%2Fv2%2Ftags&post=988"}],"curies":[{"name":"wp","href":"https:\/\/api.w.org\/{rel}","templated":true}]}}